{"id":45207,"date":"2021-01-28T14:58:17","date_gmt":"2021-01-28T16:58:17","guid":{"rendered":"http:\/\/www2.comunitaria.com.br\/?p=45207"},"modified":"2021-01-28T14:58:17","modified_gmt":"2021-01-28T16:58:17","slug":"rio-grande-do-sul-retomara-a-pesquisa-epicovid-19","status":"publish","type":"post","link":"https:\/\/www2.comunitaria.com.br\/en\/rio-grande-do-sul-retomara-a-pesquisa-epicovid-19\/","title":{"rendered":"Rio Grande do Sul retomar\u00e1 a pesquisa Epicovid-19"},"content":{"rendered":"<p>O governador Eduardo Leite anunciou nesta quinta-feira a&nbsp;<strong>retomada da pesquisa de Evolu\u00e7\u00e3o da Preval\u00eancia de Infec\u00e7\u00e3o por Covid-19 (Epicovid-19)<\/strong> no Rio Grande do Sul, realizada pelo governo e conduzido por pesquisadores da Universidade Federal de Pelotas (UFPel). Esse \u00e9 o primeiro estudo brasileiro que investiga o n\u00famero de infectados pelo coronav\u00edrus SARS-CoV-2. &#8220;<em>Ser\u00e3o mais duas etapas. A pr\u00f3xima vai ocorrer entre 5 e 8 de fevereiro. Pesquisadores e entrevistadores far\u00e3o a coleta do exame r\u00e1pido de forma aleat\u00f3ria&#8221;,<\/em> comentou em live nas redes sociais. A fase seguinte ocorrer\u00e1 em abril, em data a ser definida.<\/p>\n<p>Para as etapas vindouras, ser\u00e1 introduzido um novo m\u00e9todo de teste de anticorpos, desenvolvido pela Universidade Federal do Rio de Janeiro que permite detectar casos mais antigo. Chamado de S-UFRJ, foi criado sob a coordena\u00e7\u00e3o dos cientistas Leda Castilho e Andr\u00e9 Vale e tem tecnologia escalon\u00e1vel e custo reduzido de produ\u00e7\u00e3o da prote\u00edna S (spike), presente na estrutura do coronav\u00edrus.<\/p>\n<p>Essa \u00e9 uma varia\u00e7\u00e3o do teste Elisa (sigla em ingl\u00eas para ensaios de imunoabsor\u00e7\u00e3o enzim\u00e1tica) e simplifica o procedimento de coleta, que pode ser feito com um simples furo no dedo do paciente e o dep\u00f3sito de uma gota de sangue em uma tirinha com papel filtro padronizada. O S-UFRJ apresenta 40% de acerto nos primeiros quatro dias de sintomas e, em dez, ultrapassa 90%. Atinge 100% de acerto quando \u00e9 feito a partir de 20 ou mais dias do surgimento dos sintomas.<\/p>\n<p>O teste ser\u00e1 usado concomitantemente com os sistemas utilizados anteriormente.<em> &#8220;Antes, t\u00ednhamos a possibilidade de eventualmente dar um negativo porque a pessoa j\u00e1 tinha dito a doen\u00e7a por um per\u00edodo maior antes do teste. O S-UFRJ teve alta sensibilidade e estabilidade para detectar anticorpos at\u00e9 cinco meses ap\u00f3s a infec\u00e7\u00e3o &#8220;<\/em>, explicou Leite.<\/p>\n<p>O funcionamento da pesquisa segue o mesmo: entrevistadores coordenados pelo Instituto de Pesquisa e Opini\u00e3o (IPO) visitam as casas de 4,5 mil fam\u00edlias em nove cidades ga\u00fachas, para convidar os moradores a realizar os testes e responder a um breve question\u00e1rio sobre ocorr\u00eancia de sintomas e acesso a servi\u00e7os de sa\u00fade. &#8220;\u00c9 um momento importante porque&nbsp; subsidiamos as decis\u00f5es do governo nos dados dessa pesquisa. Poder\u00e1 nos ajudar a definir as a\u00e7\u00f5es que o governo vem tomando&#8221;, comentou Lu\u00eds Lamb,&nbsp;secret\u00e1rio&nbsp;de Inova\u00e7\u00e3o, Ci\u00eancia e Tecnologia.<\/p>\n<p>&nbsp;<\/p>\n<p><em>*Correio do Povo&nbsp;<\/em><\/p>","protected":false},"excerpt":{"rendered":"<p>O governador Eduardo Leite anunciou nesta quinta-feira a&nbsp;retomada da pesquisa de Evolu\u00e7\u00e3o da Preval\u00eancia de Infec\u00e7\u00e3o por Covid-19 (Epicovid-19) no Rio Grande do Sul, realizada pelo governo e conduzido por pesquisadores da Universidade Federal de Pelotas (UFPel). Esse \u00e9 o primeiro estudo brasileiro que investiga o n\u00famero de infectados pelo coronav\u00edrus SARS-CoV-2. &#8220;Ser\u00e3o mais duas<\/p>\n<div class=\"read-more-wrapper\"><a class=\"read-more\" href=\"https:\/\/www2.comunitaria.com.br\/en\/rio-grande-do-sul-retomara-a-pesquisa-epicovid-19\/\" title=\"Read More\"> <span class=\"button\">Read More<\/span><\/a><\/div>","protected":false},"author":2,"featured_media":45209,"comment_status":"open","ping_status":"closed","sticky":false,"template":"","format":"standard","meta":{"ngg_post_thumbnail":0,"footnotes":""},"categories":[33],"tags":[4638,5424,4655,1192],"class_list":["post-45207","post","type-post","status-publish","format-standard","has-post-thumbnail","hentry","category-noticias","tag-fredericowestphalen","tag-pesquisa-ep-covid","tag-radiocomunitariafw","tag-rio-grande-do-sul"],"amp_enabled":true,"_links":{"self":[{"href":"https:\/\/www2.comunitaria.com.br\/en\/wp-json\/wp\/v2\/posts\/45207","targetHints":{"allow":["GET"]}}],"collection":[{"href":"https:\/\/www2.comunitaria.com.br\/en\/wp-json\/wp\/v2\/posts"}],"about":[{"href":"https:\/\/www2.comunitaria.com.br\/en\/wp-json\/wp\/v2\/types\/post"}],"author":[{"embeddable":true,"href":"https:\/\/www2.comunitaria.com.br\/en\/wp-json\/wp\/v2\/users\/2"}],"replies":[{"embeddable":true,"href":"https:\/\/www2.comunitaria.com.br\/en\/wp-json\/wp\/v2\/comments?post=45207"}],"version-history":[{"count":0,"href":"https:\/\/www2.comunitaria.com.br\/en\/wp-json\/wp\/v2\/posts\/45207\/revisions"}],"wp:featuredmedia":[{"embeddable":true,"href":"https:\/\/www2.comunitaria.com.br\/en\/wp-json\/wp\/v2\/media\/45209"}],"wp:attachment":[{"href":"https:\/\/www2.comunitaria.com.br\/en\/wp-json\/wp\/v2\/media?parent=45207"}],"wp:term":[{"taxonomy":"category","embeddable":true,"href":"https:\/\/www2.comunitaria.com.br\/en\/wp-json\/wp\/v2\/categories?post=45207"},{"taxonomy":"post_tag","embeddable":true,"href":"https:\/\/www2.comunitaria.com.br\/en\/wp-json\/wp\/v2\/tags?post=45207"}],"curies":[{"name":"wp","href":"https:\/\/api.w.org\/{rel}","templated":true}]}}