{"id":45191,"date":"2021-01-28T14:41:33","date_gmt":"2021-01-28T16:41:33","guid":{"rendered":"http:\/\/www2.comunitaria.com.br\/?p=45191"},"modified":"2021-01-28T14:41:33","modified_gmt":"2021-01-28T16:41:33","slug":"cvt-oferece-curso-de-corte-e-costura","status":"publish","type":"post","link":"https:\/\/www2.comunitaria.com.br\/en\/cvt-oferece-curso-de-corte-e-costura\/","title":{"rendered":"CVT oferece curso de Corte e Costura"},"content":{"rendered":"<p>A Administra\u00e7\u00e3o Municipal de Frederico Westphalen, atrav\u00e9s do Centro de Voca\u00e7\u00e3o Tecnol\u00f3gica T\u00eaxtil e da Moda (CVT), realizar\u00e1 o curso de Corte e Costura. A capacita\u00e7\u00e3o ser\u00e1 focada na especializa\u00e7\u00e3o da m\u00e3o de obra da ind\u00fastria t\u00eaxtil. O curso ser\u00e1 ministrado pelo Senac e inicia s\u00e1bado, 30, e ser\u00e1 realizado aos s\u00e1bados, com a carga hor\u00e1ria total de 120 horas.<\/p>\n<p>Organizado pela Secretaria de Ind\u00fastria, Com\u00e9rcio e Turismo e Sala do Empreendedor, em parceria com a Associa\u00e7\u00e3o Ga\u00facha das Ind\u00fastrias e Com\u00e9rcio de Confec\u00e7\u00f5es do Norte do Rio Grande do Sul (Agiccon), o curso que tem como foco corte e costura, \u00e9 de n\u00edvel intermedi\u00e1rio a avan\u00e7ado e \u00e9 oferecido exclusivamente para colaboradores de f\u00e1bricas t\u00eaxteis e costureiras terceirizadas de Frederico Westphalen.<\/p>\n<p>Para o prefeito de Frederico Westphalen, Jos\u00e9 Alberto Panosso, o CVT cumpre importante fun\u00e7\u00e3o social e estrat\u00e9gica na forma\u00e7\u00e3o e especializa\u00e7\u00e3o de m\u00e3o de obra na \u00e1rea t\u00eaxtil. <em>\u201cUma das nossas metas \u00e9 proporcionar que os trabalhadores frederiquenses recebam capacita\u00e7\u00f5es para que possam crescer junto com as empresas onde trabalham, e isso certamente vai impulsionar a gera\u00e7\u00e3o de emprego e renda\u201d,<\/em> destacou Panosso.<\/p>\n<p>Conforme o secret\u00e1rio de Ind\u00fastria, Com\u00e9rcio e Turismo, Alessandro Molossi, novos cursos ser\u00e3o ofertados pelo CVT a partir de mar\u00e7o com foco na forma\u00e7\u00e3o e especializa\u00e7\u00e3o de m\u00e3o de obra na \u00e1rea t\u00eaxtil.<\/p>\n<p>&nbsp;<\/p>\n<p><em>*ASCOM<\/em><\/p>","protected":false},"excerpt":{"rendered":"<p>A Administra\u00e7\u00e3o Municipal de Frederico Westphalen, atrav\u00e9s do Centro de Voca\u00e7\u00e3o Tecnol\u00f3gica T\u00eaxtil e da Moda (CVT), realizar\u00e1 o curso de Corte e Costura. A capacita\u00e7\u00e3o ser\u00e1 focada na especializa\u00e7\u00e3o da m\u00e3o de obra da ind\u00fastria t\u00eaxtil. O curso ser\u00e1 ministrado pelo Senac e inicia s\u00e1bado, 30, e ser\u00e1 realizado aos s\u00e1bados, com a carga<\/p>\n<div class=\"read-more-wrapper\"><a class=\"read-more\" href=\"https:\/\/www2.comunitaria.com.br\/en\/cvt-oferece-curso-de-corte-e-costura\/\" title=\"Read More\"> <span class=\"button\">Read More<\/span><\/a><\/div>","protected":false},"author":2,"featured_media":45193,"comment_status":"open","ping_status":"closed","sticky":false,"template":"","format":"standard","meta":{"ngg_post_thumbnail":0,"footnotes":""},"categories":[33],"tags":[5418,2401,4648,4638,5419],"class_list":["post-45191","post","type-post","status-publish","format-standard","has-post-thumbnail","hentry","category-noticias","tag-curso-de-formacao","tag-empreendedorismo","tag-empreendimentos","tag-fredericowestphalen","tag-industria-e-comercio"],"amp_enabled":true,"_links":{"self":[{"href":"https:\/\/www2.comunitaria.com.br\/en\/wp-json\/wp\/v2\/posts\/45191","targetHints":{"allow":["GET"]}}],"collection":[{"href":"https:\/\/www2.comunitaria.com.br\/en\/wp-json\/wp\/v2\/posts"}],"about":[{"href":"https:\/\/www2.comunitaria.com.br\/en\/wp-json\/wp\/v2\/types\/post"}],"author":[{"embeddable":true,"href":"https:\/\/www2.comunitaria.com.br\/en\/wp-json\/wp\/v2\/users\/2"}],"replies":[{"embeddable":true,"href":"https:\/\/www2.comunitaria.com.br\/en\/wp-json\/wp\/v2\/comments?post=45191"}],"version-history":[{"count":0,"href":"https:\/\/www2.comunitaria.com.br\/en\/wp-json\/wp\/v2\/posts\/45191\/revisions"}],"wp:featuredmedia":[{"embeddable":true,"href":"https:\/\/www2.comunitaria.com.br\/en\/wp-json\/wp\/v2\/media\/45193"}],"wp:attachment":[{"href":"https:\/\/www2.comunitaria.com.br\/en\/wp-json\/wp\/v2\/media?parent=45191"}],"wp:term":[{"taxonomy":"category","embeddable":true,"href":"https:\/\/www2.comunitaria.com.br\/en\/wp-json\/wp\/v2\/categories?post=45191"},{"taxonomy":"post_tag","embeddable":true,"href":"https:\/\/www2.comunitaria.com.br\/en\/wp-json\/wp\/v2\/tags?post=45191"}],"curies":[{"name":"wp","href":"https:\/\/api.w.org\/{rel}","templated":true}]}}