{"id":45188,"date":"2021-01-28T14:37:40","date_gmt":"2021-01-28T16:37:40","guid":{"rendered":"http:\/\/www2.comunitaria.com.br\/?p=45188"},"modified":"2021-01-28T14:37:40","modified_gmt":"2021-01-28T16:37:40","slug":"rge-informa-desligamento-programado-de-energia-eletrica","status":"publish","type":"post","link":"https:\/\/www2.comunitaria.com.br\/en\/rge-informa-desligamento-programado-de-energia-eletrica\/","title":{"rendered":"RGE informa desligamento programado de energia el\u00e9trica"},"content":{"rendered":"<p>Est\u00e1 programado para o s\u00e1bado, 30 de janeiro, o desligamento programado de energia el\u00e9trica em algumas ruas de Frederico Westphalen. Ser\u00e1 feita manuten\u00e7\u00e3o e melhorias na rede de distribui\u00e7\u00e3o a fim de aumentar a confiabilidade do fornecimento de energia el\u00e9trica no munic\u00edpio.<\/p>\n<p>Confira locais e hor\u00e1rios dos desligamentos:<br \/>\nLinha S\u00e3o Br\u00e1s \u2013 n\u00ba 3000 ao 3180<br \/>\nHor\u00e1rio: das 8 horas \u00e0s 11h30<\/p>\n<p>Bairro Panosso&nbsp;<br \/>\nRuas: Florian\u00f3polis, n\u00ba 49 ao 422; Can\u00e1rio, n\u00ba 2 ao 302; Chile, n\u00ba 22 ao 580; Cardeal, n\u00ba 55 ao 537; Trinta e Oito, n\u00ba 32 ao 81; e Uruguai, n\u00ba 40 ao 65.<br \/>\nHor\u00e1rio: das 12h30 \u00e0s 18 horas<\/p>\n<p>&nbsp;<\/p>\n<p><em>*ASCOM<\/em><\/p>","protected":false},"excerpt":{"rendered":"<p>Est\u00e1 programado para o s\u00e1bado, 30 de janeiro, o desligamento programado de energia el\u00e9trica em algumas ruas de Frederico Westphalen. Ser\u00e1 feita manuten\u00e7\u00e3o e melhorias na rede de distribui\u00e7\u00e3o a fim de aumentar a confiabilidade do fornecimento de energia el\u00e9trica no munic\u00edpio. Confira locais e hor\u00e1rios dos desligamentos: Linha S\u00e3o Br\u00e1s \u2013 n\u00ba 3000 ao<\/p>\n<div class=\"read-more-wrapper\"><a class=\"read-more\" href=\"https:\/\/www2.comunitaria.com.br\/en\/rge-informa-desligamento-programado-de-energia-eletrica\/\" title=\"Read More\"> <span class=\"button\">Read More<\/span><\/a><\/div>","protected":false},"author":2,"featured_media":45190,"comment_status":"open","ping_status":"closed","sticky":false,"template":"","format":"standard","meta":{"ngg_post_thumbnail":0,"footnotes":""},"categories":[33],"tags":[5417,5416,498,82,2918,4655,209],"class_list":["post-45188","post","type-post","status-publish","format-standard","has-post-thumbnail","hentry","category-noticias","tag-bairro-panosso","tag-desligamento-de-energia","tag-energia-eletrica","tag-frederico-westphalen","tag-linha-sao-bras","tag-radiocomunitariafw","tag-rge"],"amp_enabled":true,"_links":{"self":[{"href":"https:\/\/www2.comunitaria.com.br\/en\/wp-json\/wp\/v2\/posts\/45188","targetHints":{"allow":["GET"]}}],"collection":[{"href":"https:\/\/www2.comunitaria.com.br\/en\/wp-json\/wp\/v2\/posts"}],"about":[{"href":"https:\/\/www2.comunitaria.com.br\/en\/wp-json\/wp\/v2\/types\/post"}],"author":[{"embeddable":true,"href":"https:\/\/www2.comunitaria.com.br\/en\/wp-json\/wp\/v2\/users\/2"}],"replies":[{"embeddable":true,"href":"https:\/\/www2.comunitaria.com.br\/en\/wp-json\/wp\/v2\/comments?post=45188"}],"version-history":[{"count":0,"href":"https:\/\/www2.comunitaria.com.br\/en\/wp-json\/wp\/v2\/posts\/45188\/revisions"}],"wp:featuredmedia":[{"embeddable":true,"href":"https:\/\/www2.comunitaria.com.br\/en\/wp-json\/wp\/v2\/media\/45190"}],"wp:attachment":[{"href":"https:\/\/www2.comunitaria.com.br\/en\/wp-json\/wp\/v2\/media?parent=45188"}],"wp:term":[{"taxonomy":"category","embeddable":true,"href":"https:\/\/www2.comunitaria.com.br\/en\/wp-json\/wp\/v2\/categories?post=45188"},{"taxonomy":"post_tag","embeddable":true,"href":"https:\/\/www2.comunitaria.com.br\/en\/wp-json\/wp\/v2\/tags?post=45188"}],"curies":[{"name":"wp","href":"https:\/\/api.w.org\/{rel}","templated":true}]}}