{"id":4518,"date":"2015-07-03T16:03:18","date_gmt":"2015-07-03T18:03:18","guid":{"rendered":"http:\/\/www2.comunitaria.com.br\/?p=4518"},"modified":"2015-07-03T16:03:18","modified_gmt":"2015-07-03T18:03:18","slug":"cadastrados-no-nota-fiscal-gaucha-terao-tres-faixas-de-desconto-no-ipva-2016","status":"publish","type":"post","link":"https:\/\/www2.comunitaria.com.br\/en\/cadastrados-no-nota-fiscal-gaucha-terao-tres-faixas-de-desconto-no-ipva-2016\/","title":{"rendered":"Cadastrados no Nota Fiscal Ga\u00facha ter\u00e3o tr\u00eas faixas de desconto no IPVA 2016"},"content":{"rendered":"<p>Para estimular o consumidor a ampliar o n\u00famero de notas fiscais em seu extrato de compras, os cadastrados no programa Nota Fiscal Ga\u00facha (NFG) ter\u00e3o agora tr\u00eas faixas de descontos para o pagamento do IPVA de 2016. O cidad\u00e3o que obtiver no m\u00ednimo cem notas com o seu CPF at\u00e9 o pr\u00f3ximo dia 31 de outubro, seguir\u00e1 com o desconto de 5% sobre o valor do imposto. A novidade para o pr\u00f3ximo ano est\u00e1 para quem registrar entre 41 e 99 notas fiscais, quando o desconto ser\u00e1 de 3%.<\/p>\n<p>At\u00e9 o total de 40 notas, a redu\u00e7\u00e3o ser\u00e1 de 1% no IPVA 2016, sempre somando os registros das compras feitas a partir de 1\u00ba de novembro de 2014. Para todas as situa\u00e7\u00f5es somam-se ainda as vantagens do pagamento antecipado e como Bom Motorista. As mudan\u00e7as foram definidas pela Secretaria da Fazenda e publicadas nesta semana no Di\u00e1rio Oficial do Estado (DOE).<\/p>\n<p>Todas as informa\u00e7\u00f5es sobre as novas faixas de descontos est\u00e3o dispon\u00edveis no\u00a0<a href=\"https:\/\/nfg.sefaz.rs.gov.br\/site\/index.aspx\">site do NFG<\/a>.\u00a0O extrato de compras pode ser consultado no menu Minhas Notas ap\u00f3s efetuar login na p\u00e1gina do programa na internet.<\/p>\n<p><strong>RESUMO DAS NOVAS REGRAS &#8211; IPVA 2016*<\/strong><\/p>\n<p>N\u00ba de NF\u00b4s \u00a0 \u00a0 \u00a0 \u00a0 \u00a0 \u00a0 \u00a0 \u00a0 \u00a0 \u00a0 \u00a0 \u00a0 \u00a0 \u00a0 \u00a0 \u00a0 \u00a0 \u00a0DESCONTO<\/p>\n<p>1 a 40 notas____________________\u00a01%<\/p>\n<p>41 a 99 notas___________________3%<\/p>\n<p>100 notas ou mais_____________\u00a05%<\/p>\n<p>Per\u00edodo de registro das compras:\u00a001\/11\/2014 a 31\/10\/2015<\/p>\n<p>&#8211; Portal RS<\/p>","protected":false},"excerpt":{"rendered":"<p>Para estimular o consumidor a ampliar o n\u00famero de notas fiscais em seu extrato de compras, os cadastrados no programa Nota Fiscal Ga\u00facha (NFG) ter\u00e3o agora tr\u00eas faixas de descontos&#8230;<\/p>","protected":false},"author":2,"featured_media":4519,"comment_status":"open","ping_status":"closed","sticky":false,"template":"","format":"standard","meta":{"ngg_post_thumbnail":0,"footnotes":""},"categories":[46,33],"tags":[1092,519,403,1091],"class_list":["post-4518","post","type-post","status-publish","format-standard","has-post-thumbnail","hentry","category-estado","category-noticias","tag-desconto","tag-estado-2","tag-ipva","tag-nota-fiscal-gaucha"],"amp_enabled":true,"_links":{"self":[{"href":"https:\/\/www2.comunitaria.com.br\/en\/wp-json\/wp\/v2\/posts\/4518","targetHints":{"allow":["GET"]}}],"collection":[{"href":"https:\/\/www2.comunitaria.com.br\/en\/wp-json\/wp\/v2\/posts"}],"about":[{"href":"https:\/\/www2.comunitaria.com.br\/en\/wp-json\/wp\/v2\/types\/post"}],"author":[{"embeddable":true,"href":"https:\/\/www2.comunitaria.com.br\/en\/wp-json\/wp\/v2\/users\/2"}],"replies":[{"embeddable":true,"href":"https:\/\/www2.comunitaria.com.br\/en\/wp-json\/wp\/v2\/comments?post=4518"}],"version-history":[{"count":0,"href":"https:\/\/www2.comunitaria.com.br\/en\/wp-json\/wp\/v2\/posts\/4518\/revisions"}],"wp:featuredmedia":[{"embeddable":true,"href":"https:\/\/www2.comunitaria.com.br\/en\/wp-json\/wp\/v2\/media\/4519"}],"wp:attachment":[{"href":"https:\/\/www2.comunitaria.com.br\/en\/wp-json\/wp\/v2\/media?parent=4518"}],"wp:term":[{"taxonomy":"category","embeddable":true,"href":"https:\/\/www2.comunitaria.com.br\/en\/wp-json\/wp\/v2\/categories?post=4518"},{"taxonomy":"post_tag","embeddable":true,"href":"https:\/\/www2.comunitaria.com.br\/en\/wp-json\/wp\/v2\/tags?post=4518"}],"curies":[{"name":"wp","href":"https:\/\/api.w.org\/{rel}","templated":true}]}}