{"id":45095,"date":"2021-01-25T14:32:59","date_gmt":"2021-01-25T16:32:59","guid":{"rendered":"http:\/\/www2.comunitaria.com.br\/?p=45095"},"modified":"2021-01-25T14:32:59","modified_gmt":"2021-01-25T16:32:59","slug":"secretaria-da-saude-envia-as-vacinas-da-oxford-para-os-municipios-do-rio-grande-do-sul","status":"publish","type":"post","link":"https:\/\/www2.comunitaria.com.br\/en\/secretaria-da-saude-envia-as-vacinas-da-oxford-para-os-municipios-do-rio-grande-do-sul\/","title":{"rendered":"Secretaria da Sa\u00fade envia as vacinas da Oxford para os munic\u00edpios do Rio Grande do Sul"},"content":{"rendered":"<p>As vacinas contra a Covid-19 foram distribu\u00eddas na manh\u00e3 desta segunda-feira aos munic\u00edpios do Rio Grande do Sul. As 116 mil doses da vacina desenvolvida pela Universidade de Oxford e pelo laborat\u00f3rio AstraZeneca, foram enviadas para todas as Coordenadorias Regionais de Sa\u00fade do Estado. O movimento come\u00e7ou cedo na Central Estadual de Distribui\u00e7\u00e3o e Armazenamento de Imunobiol\u00f3gicos (Ceadi), na avenida Ipiranga, na zona Leste de Porto Alegre. O \u00f3rg\u00e3o \u00e9 vinculado \u00e0 Secretaria Estadual da Sa\u00fade (SES). A carga foi importada da \u00cdndia e&nbsp;recebida no domingo pela Secretaria Estadual da Sa\u00fade.<\/p>\n<p>Das 18 coordenadorias regionais, cinco optaram por buscar as vacinas na Ceadi. As outras 13 coordenadorias optaram por receber as doses, com apoio de avi\u00f5es e helic\u00f3pteros da Brigada Militar e da Pol\u00edcia Civil.&nbsp;<\/p>\n<p>Por volta das 7h, uma viatura da Brigada Militar estava \u00e0 frente da Ceadi para realizar a seguran\u00e7a da institui\u00e7\u00e3o. Profissionais das coordenadorias de sa\u00fade de Santa Cruz do Sul, Porto Alegre, Cachoeira do Sul, Os\u00f3rio e Lajeado estiveram no local para retirar as doses. As doses da imuniza\u00e7\u00e3o tamb\u00e9m foram recebidas pelas coordenadorias de Erechim, Santo \u00c2ngelo, Palmeira das Miss\u00f5es, Caxias do Sul, Pelotas, Bag\u00e9 e Santa Maria.&nbsp;<\/p>\n<p>A Secretaria Estadual da Sa\u00fade informou que as coordenadorias ficaram respons\u00e1veis pela separa\u00e7\u00e3o das doses que ser\u00e3o enviadas para cada munic\u00edpio. A previs\u00e3o \u00e9 de que trabalhadores de sa\u00fade que est\u00e3o na linha de frente do combate ao coronav\u00edrus comecem a ser vacinados a partir de hoje.<\/p>\n<p>Com o n\u00famero bastante reduzido de doses dispon\u00edveis no Brasil neste primeiro momento da fase 1 do Plano Nacional de Imuniza\u00e7\u00e3o do Minist\u00e9rio da Sa\u00fade, a prioridade para receber a imuniza\u00e7\u00e3o&nbsp;\u00e9 dos profissionais da sa\u00fade que atuam no atendimento de pacientes com Covid-19, idosos que vivem em lares de longa perman\u00eancia,&nbsp;ind\u00edgenas e quilombolas. Ainda n\u00e3o h\u00e1 vacina\u00e7\u00e3o aberta em postos de sa\u00fade para demais pessoas.<\/p>\n<p>O Rio Grande do Sul possui agora 511,2 mil doses da vacina contra a Covid-19. S\u00e3o 116 mil doses desenvolvidas pela Universidade de Oxford e pelo laborat\u00f3rio AstraZeneca somadas \u00e0s 395,2 mil unidades da Coronavac &#8211; somando as 53,4 mil doses que chegaram no final da manh\u00e3 de ontem ao Estado. O Minist\u00e9rio da Sa\u00fade informou que est\u00e1 trabalhando em todas as frentes para que haja o cumprimento do Plano Nacional de Vacina\u00e7\u00e3o Contra a Covid- 19.<\/p>\n<p>Mesmo com a autonomia de estados e munic\u00edpios na distribui\u00e7\u00e3o e aplica\u00e7\u00e3o das vacinas, a pasta, em uma gest\u00e3o tripartite, alerta para a necessidade de se seguirem as orienta\u00e7\u00f5es coordenadas pelo Minist\u00e9rio da Sa\u00fade, que prev\u00ea ciclos de vacina\u00e7\u00e3o de acordo com os grupos priorit\u00e1rios definidos em estudos populacionais com a comunidade cient\u00edfica.<\/p>\n<p>&nbsp;<\/p>\n<p><em>*Correio do&nbsp; Povo&nbsp;<\/em><\/p>","protected":false},"excerpt":{"rendered":"<p>As vacinas contra a Covid-19 foram distribu\u00eddas na manh\u00e3 desta segunda-feira aos munic\u00edpios do Rio Grande do Sul. As 116 mil doses da vacina desenvolvida pela Universidade de Oxford e&#8230;<\/p>","protected":false},"author":2,"featured_media":45097,"comment_status":"open","ping_status":"closed","sticky":false,"template":"","format":"standard","meta":{"ngg_post_thumbnail":0,"footnotes":""},"categories":[33],"tags":[5389,4666,1738,5388],"class_list":["post-45095","post","type-post","status-publish","format-standard","has-post-thumbnail","hentry","category-noticias","tag-campanha-de-imunizacao","tag-comunitariafw","tag-secretaria-da-saude","tag-vacinas-no-rio-grande-do-sul"],"amp_enabled":true,"_links":{"self":[{"href":"https:\/\/www2.comunitaria.com.br\/en\/wp-json\/wp\/v2\/posts\/45095","targetHints":{"allow":["GET"]}}],"collection":[{"href":"https:\/\/www2.comunitaria.com.br\/en\/wp-json\/wp\/v2\/posts"}],"about":[{"href":"https:\/\/www2.comunitaria.com.br\/en\/wp-json\/wp\/v2\/types\/post"}],"author":[{"embeddable":true,"href":"https:\/\/www2.comunitaria.com.br\/en\/wp-json\/wp\/v2\/users\/2"}],"replies":[{"embeddable":true,"href":"https:\/\/www2.comunitaria.com.br\/en\/wp-json\/wp\/v2\/comments?post=45095"}],"version-history":[{"count":0,"href":"https:\/\/www2.comunitaria.com.br\/en\/wp-json\/wp\/v2\/posts\/45095\/revisions"}],"wp:featuredmedia":[{"embeddable":true,"href":"https:\/\/www2.comunitaria.com.br\/en\/wp-json\/wp\/v2\/media\/45097"}],"wp:attachment":[{"href":"https:\/\/www2.comunitaria.com.br\/en\/wp-json\/wp\/v2\/media?parent=45095"}],"wp:term":[{"taxonomy":"category","embeddable":true,"href":"https:\/\/www2.comunitaria.com.br\/en\/wp-json\/wp\/v2\/categories?post=45095"},{"taxonomy":"post_tag","embeddable":true,"href":"https:\/\/www2.comunitaria.com.br\/en\/wp-json\/wp\/v2\/tags?post=45095"}],"curies":[{"name":"wp","href":"https:\/\/api.w.org\/{rel}","templated":true}]}}