{"id":45059,"date":"2021-01-22T15:35:23","date_gmt":"2021-01-22T17:35:23","guid":{"rendered":"http:\/\/www2.comunitaria.com.br\/?p=45059"},"modified":"2021-01-22T15:35:23","modified_gmt":"2021-01-22T17:35:23","slug":"secretaria-da-saude-recomenda-que-segunda-aplicacao-da-coronavac-ocorra-28-dias-depois-da-primeira","status":"publish","type":"post","link":"https:\/\/www2.comunitaria.com.br\/en\/secretaria-da-saude-recomenda-que-segunda-aplicacao-da-coronavac-ocorra-28-dias-depois-da-primeira\/","title":{"rendered":"Secretaria da Sa\u00fade recomenda que segunda aplica\u00e7\u00e3o da Coronavac ocorra 28 dias depois da primeira"},"content":{"rendered":"<p>A Secretaria Estadual da Sa\u00fade (SES) divulgou, nesta sexta-feira,&nbsp;<strong>uma nota t\u00e9cnica&nbsp;<\/strong>que recomenda que a aplica\u00e7\u00e3o da segunda dose da Coronavac, vacina contra o coronav\u00edrus, depois de 28 dias da primeira aplica\u00e7\u00e3o. O Governo do Rio Grande do Sul&nbsp;<strong>iniciou nesta semana&nbsp;<\/strong>as vacina\u00e7\u00f5es pelo Estado.&nbsp;<\/p>\n<p>Segundo o governo estadual, o esquema vacinal completo com duas doses \u00e9 necess\u00e1rio para obter a resposta imune esperada para a preven\u00e7\u00e3o contra a Covid-19. Os resultados de pesquisa foram mais satisfat\u00f3rios quando da aplica\u00e7\u00e3o da segunda dose 28 dias depois da primeira, mas tamb\u00e9m mostrou que n\u00e3o h\u00e1 erro de imuniza\u00e7\u00e3o caso a segunda dose seja tomada antes desse prazo.&nbsp;<\/p>\n<p>O governo estadual recebeu,&nbsp;<strong>nessa segunda-feira<\/strong>, um lote de 341,8 mil unidades da vacina, fabricadas pelo Instituto Butantan e distribu\u00eddas pelo Minist\u00e9rio da Sa\u00fade. Seguindo crit\u00e9rios populacionais, as doses foram separadas por regional, e foram despachadas para Porto Alegre e para as 18 coordenadorias regionais (CRS).<\/p>\n<p>De acordo com o governo, j\u00e1 foram distribu\u00eddas 170,8 mil doses, aproximadamente a metade do recebido. A outra parte ficou retida para a aplica\u00e7\u00e3o da segunda dose da vacina. Ainda n\u00e3o h\u00e1 data definida para o envio da segunda dose.<\/p>\n<p>As&nbsp;<strong><a href=\"https:\/\/www.correiodopovo.com.br\/not%C3%ADcias\/geral\/veja-quais-s%C3%A3o-os-grupos-priorit%C3%A1rios-para-vacina%C3%A7%C3%A3o-no-rs-1.556371\" target=\"_blank\" rel=\"noopener noreferrer\">primeiras doses s\u00e3o destinadas<\/a><\/strong>&nbsp;aos profissionais de sa\u00fade da linha de frente em hospitais, Aten\u00e7\u00e3o B\u00e1sica e rede de urg\u00eancia e emerg\u00eancia, pessoas acima de 60 anos que vivem em Institui\u00e7\u00f5es de Longa Perman\u00eancia de Idosos (ILPI) e popula\u00e7\u00f5es ind\u00edgenas aldeadas.<\/p>\n<p><em>*Correio do Povo&nbsp;<\/em><\/p>","protected":false},"excerpt":{"rendered":"<p>A Secretaria Estadual da Sa\u00fade (SES) divulgou, nesta sexta-feira,&nbsp;uma nota t\u00e9cnica&nbsp;que recomenda que a aplica\u00e7\u00e3o da segunda dose da Coronavac, vacina contra o coronav\u00edrus, depois de 28 dias da primeira&#8230;<\/p>","protected":false},"author":2,"featured_media":45061,"comment_status":"open","ping_status":"closed","sticky":false,"template":"","format":"standard","meta":{"ngg_post_thumbnail":0,"footnotes":""},"categories":[33],"tags":[4805,4567,4640,56],"class_list":["post-45059","post","type-post","status-publish","format-standard","has-post-thumbnail","hentry","category-noticias","tag-coronavac","tag-coronavirus","tag-riograndedosul","tag-vacinacao"],"amp_enabled":true,"_links":{"self":[{"href":"https:\/\/www2.comunitaria.com.br\/en\/wp-json\/wp\/v2\/posts\/45059","targetHints":{"allow":["GET"]}}],"collection":[{"href":"https:\/\/www2.comunitaria.com.br\/en\/wp-json\/wp\/v2\/posts"}],"about":[{"href":"https:\/\/www2.comunitaria.com.br\/en\/wp-json\/wp\/v2\/types\/post"}],"author":[{"embeddable":true,"href":"https:\/\/www2.comunitaria.com.br\/en\/wp-json\/wp\/v2\/users\/2"}],"replies":[{"embeddable":true,"href":"https:\/\/www2.comunitaria.com.br\/en\/wp-json\/wp\/v2\/comments?post=45059"}],"version-history":[{"count":0,"href":"https:\/\/www2.comunitaria.com.br\/en\/wp-json\/wp\/v2\/posts\/45059\/revisions"}],"wp:featuredmedia":[{"embeddable":true,"href":"https:\/\/www2.comunitaria.com.br\/en\/wp-json\/wp\/v2\/media\/45061"}],"wp:attachment":[{"href":"https:\/\/www2.comunitaria.com.br\/en\/wp-json\/wp\/v2\/media?parent=45059"}],"wp:term":[{"taxonomy":"category","embeddable":true,"href":"https:\/\/www2.comunitaria.com.br\/en\/wp-json\/wp\/v2\/categories?post=45059"},{"taxonomy":"post_tag","embeddable":true,"href":"https:\/\/www2.comunitaria.com.br\/en\/wp-json\/wp\/v2\/tags?post=45059"}],"curies":[{"name":"wp","href":"https:\/\/api.w.org\/{rel}","templated":true}]}}