{"id":45021,"date":"2021-01-21T15:38:59","date_gmt":"2021-01-21T17:38:59","guid":{"rendered":"http:\/\/www2.comunitaria.com.br\/?p=45021"},"modified":"2021-01-21T15:38:59","modified_gmt":"2021-01-21T17:38:59","slug":"entidades-debatem-sobre-continuidade-nas-obras-do-hpr","status":"publish","type":"post","link":"https:\/\/www2.comunitaria.com.br\/en\/entidades-debatem-sobre-continuidade-nas-obras-do-hpr\/","title":{"rendered":"Entidades debatem sobre continuidade nas obras do HPR"},"content":{"rendered":"<p>Localizado \u00e0s margens da BR 468, no Norte do Estado, a constru\u00e7\u00e3o do Hospital P\u00fablico Regional de Palmeira das Miss\u00f5es representa uma das maiores obras em sa\u00fade p\u00fablica da hist\u00f3ria do Rio Grande do Sul. Para falar sobre o tema, o Presidente da Famurs, Maneco Hassen, recebeu na tarde desta quarta-feira (20.01) uma comitiva da Prefeitura de Palmeira das Miss\u00f5es juntamente com o presidente da Amzop, Gerri Sawaris. O encontro foi realizado na sede da Federa\u00e7\u00e3o das Associa\u00e7\u00f5es dos Munic\u00edpios do RS.<\/p>\n<p>O objetivo do Prefeito de Palmeira das Miss\u00f5es, Evandro Massing, \u00e9 fortalecer o di\u00e1logo com a Famurs e o Governo do RS na continuidade \u00e1gil das obras do Hospital P\u00fablico Regional de Palmeira das Miss\u00f5es (HPR).<\/p>\n<p>A reuni\u00e3o faz parte de um cronograma de trabalho estabelecido no dia 18.12, quando o Presidente da Famurs, Maneco Hassen, visitou as obras do Hospital P\u00fablico Regional de Palmeira das Miss\u00f5es. \u201cEm dezembro estive em Palmeira das Miss\u00f5es e constatei de perto a import\u00e2ncia de lutarmos pelo pleno e r\u00e1pido desenvolvimento desta obra. O novo Hospital Regional ter\u00e1 225 leitos, sendo que 40 leitos destinados \u00e0 Unidade de Terapia Intensiva (UTI), e 180 ser\u00e3o para interna\u00e7\u00e3o, al\u00e9m de v\u00e1rias especialidades, como traumatologia e ortopedia, obstetr\u00edcia, hemodi\u00e1lise, cardiologia, entre outras\u201d, destacou o Presidente da Famurs, Maneco Hassen.<\/p>\n<p>A Secret\u00e1ria Estadual de Sa\u00fade, Arita Bergmann, tamb\u00e9m participou da reuni\u00e3o e garantiu que o Governo do RS ao lado da Famurs ser\u00e1 um parceiro permanente da Prefeitura de Palmeira das Miss\u00f5es no avan\u00e7o das obras. \u201cMe comprometo em visitar nas pr\u00f3ximas semanas as obras do Hospital P\u00fablico Regional de Palmeira das Miss\u00f5es (HPR). Eu considero esta uma das obras mais importantes do Rio Grande do Sul e com certeza o Governo do Estado ser\u00e1 parceiro no avan\u00e7o desta bela estrutura hospitalar que est\u00e1 sendo montada\u201d, destacou a Secret\u00e1ria Estadual de Sa\u00fade, Arita Bergmann.<\/p>\n<p>J\u00e1 o presidente da Amzop, Gerri Sawaris, destacou a import\u00e2ncia da regi\u00e3o se manter unida na continuidade das obras do projeto do HPR.<\/p>\n<p>A expectativa \u00e9 de que a casa de sa\u00fade possa atender pacientes de 72 munic\u00edpios da regi\u00e3o Norte e Nordeste do Rio Grande do Sul, exclusivamente via Sistema \u00danico de Sa\u00fade (SUS). O Hospital P\u00fablico Regional de Palmeira das Miss\u00f5es (HPR) fica localizado \u00e0s margens da BR 468, no Norte do Estado.<\/p>\n<p>Participaram da reuni\u00e3o o Presidente da Famurs, Maneco Hassen; o Prefeito de Palmeira das Miss\u00f5es, Evandro Massing; o Secret\u00e1rio de Administra\u00e7\u00e3o de Palmeira das Miss\u00f5es, Carl\u00e3o Santos; o presidente da Amzop, Gerri Savaris, o Coordenador Institucional da Famurs, Sidinei Cardoso; os assessores da Presid\u00eancia da Famurs: Marcio Pestana e Rodrigo Westphalen. Os servidores&nbsp;<em>Gilberto Barichello<\/em>&nbsp;e Roger Lorenzoni e o advogado e Doutor em Direito pela Universidade Federal do Estado do Rio Grande do Sul (UFRGS), Alo\u00edsio Zimmer. A reuni\u00e3o tamb\u00e9m contou com a presen\u00e7a da arquiteta especialista em arquitetura hospitalar, Deise Eloi.<\/p>\n<p>&nbsp;<\/p>\n<p><em>*ASCOM FAMURS&nbsp;<\/em><\/p>","protected":false},"excerpt":{"rendered":"<p>Localizado \u00e0s margens da BR 468, no Norte do Estado, a constru\u00e7\u00e3o do Hospital P\u00fablico Regional de Palmeira das Miss\u00f5es representa uma das maiores obras em sa\u00fade p\u00fablica da hist\u00f3ria do Rio Grande do Sul. Para falar sobre o tema, o Presidente da Famurs, Maneco Hassen, recebeu na tarde desta quarta-feira (20.01) uma comitiva da<\/p>\n<div class=\"read-more-wrapper\"><a class=\"read-more\" href=\"https:\/\/www2.comunitaria.com.br\/en\/entidades-debatem-sobre-continuidade-nas-obras-do-hpr\/\" title=\"Read More\"> <span class=\"button\">Read More<\/span><\/a><\/div>","protected":false},"author":2,"featured_media":45023,"comment_status":"open","ping_status":"closed","sticky":false,"template":"","format":"standard","meta":{"ngg_post_thumbnail":0,"footnotes":""},"categories":[33],"tags":[275,280,909,415,202,4655,1738],"class_list":["post-45021","post","type-post","status-publish","format-standard","has-post-thumbnail","hentry","category-noticias","tag-amzop","tag-famurs","tag-hospitais","tag-hpr","tag-palmeira-das-missoes","tag-radiocomunitariafw","tag-secretaria-da-saude"],"amp_enabled":true,"_links":{"self":[{"href":"https:\/\/www2.comunitaria.com.br\/en\/wp-json\/wp\/v2\/posts\/45021","targetHints":{"allow":["GET"]}}],"collection":[{"href":"https:\/\/www2.comunitaria.com.br\/en\/wp-json\/wp\/v2\/posts"}],"about":[{"href":"https:\/\/www2.comunitaria.com.br\/en\/wp-json\/wp\/v2\/types\/post"}],"author":[{"embeddable":true,"href":"https:\/\/www2.comunitaria.com.br\/en\/wp-json\/wp\/v2\/users\/2"}],"replies":[{"embeddable":true,"href":"https:\/\/www2.comunitaria.com.br\/en\/wp-json\/wp\/v2\/comments?post=45021"}],"version-history":[{"count":0,"href":"https:\/\/www2.comunitaria.com.br\/en\/wp-json\/wp\/v2\/posts\/45021\/revisions"}],"wp:featuredmedia":[{"embeddable":true,"href":"https:\/\/www2.comunitaria.com.br\/en\/wp-json\/wp\/v2\/media\/45023"}],"wp:attachment":[{"href":"https:\/\/www2.comunitaria.com.br\/en\/wp-json\/wp\/v2\/media?parent=45021"}],"wp:term":[{"taxonomy":"category","embeddable":true,"href":"https:\/\/www2.comunitaria.com.br\/en\/wp-json\/wp\/v2\/categories?post=45021"},{"taxonomy":"post_tag","embeddable":true,"href":"https:\/\/www2.comunitaria.com.br\/en\/wp-json\/wp\/v2\/tags?post=45021"}],"curies":[{"name":"wp","href":"https:\/\/api.w.org\/{rel}","templated":true}]}}