{"id":44930,"date":"2021-01-19T14:02:45","date_gmt":"2021-01-19T16:02:45","guid":{"rendered":"http:\/\/www2.comunitaria.com.br\/?p=44930"},"modified":"2021-01-19T14:02:45","modified_gmt":"2021-01-19T16:02:45","slug":"brasil-volta-a-bater-recorde-semanal-historico-de-casos-de-coronavirus","status":"publish","type":"post","link":"https:\/\/www2.comunitaria.com.br\/en\/brasil-volta-a-bater-recorde-semanal-historico-de-casos-de-coronavirus\/","title":{"rendered":"Brasil volta a bater recorde semanal hist\u00f3rico de casos de coronav\u00edrus"},"content":{"rendered":"<p>Pela segunda semana seguida,&nbsp;o Brasil registrou&nbsp;n\u00famero recorde de novos casos da&nbsp;<a href=\"https:\/\/www.brasildefato.com.br\/minuto-a-minuto\/coronavirus-no-brasil\" target=\"_blank\" rel=\"noopener noreferrer\">covid-19<\/a>&nbsp; para o per\u00edodo de sete dias.&nbsp;Os dados consolidados de 10 a 16 de janeiro somam 379.061 contaminados. O n\u00famero de casos em acompanhamento ultrapassou 860 mil, maior patamar j\u00e1 registrado desde os primeiros casos.&nbsp;<\/p>\n<p>O total de \u00f3bitos na semana se manteve acima dos 6,5 mil. At\u00e9 domingo,16, foram 6.665, resultado pr\u00f3ximo aos registros de agosto, quando o Brasil vivia o pior momento da pandemia&nbsp;at\u00e9 agora.<\/p>\n<p>Os dados foram divulgados pelo&nbsp;Conselho Nacional de Secret\u00e1rios de Sa\u00fade&nbsp;(Conass). Ainda de acordo com o \u00f3rg\u00e3o, mais de 210 mil pessoas j\u00e1 morreram por causa da covid-19 no pa\u00eds.<\/p>\n<p>Nas 24 horas entre domingo,16, e segunda-feira, 18, o Brasil registrou 23.671 novos contaminados pelo coronav\u00edrus. Com isso, o total de infectados desde o in\u00edcio da pandemia \u00e9 de 8.511.790 no pa\u00eds. O n\u00famero de \u00f3bitos confirmados em 24 horas foi de 452.&nbsp;<\/p>\n<p class=\"ckeditor-subtitle\"><strong>Realidade paralela<\/strong><\/p>\n<p>Nesta segunda-feira, o ministro da Sa\u00fade, Eduardo Pazuello, mentiu ao afirmar que nunca indicou nenhum tipo de medicamento para&nbsp;tratamento precoce da covid-19.<\/p>\n<p>Em entrevista coletiva ele disse que os rem\u00e9dios prescritos s\u00e3o &#8220;foro \u00edntimo do m\u00e9dico com seu paciente&#8221;.&nbsp;&nbsp;Ainda nas palavras do general, &#8220;o minist\u00e9rio n\u00e3o tem protocolos com isso, n\u00e3o \u00e9 miss\u00e3o do minist\u00e9rio definir protocolo&#8221;.<\/p>\n<p>A indica\u00e7\u00e3o de rem\u00e9dios como a cloroquina e hidroxicloroquina passou a ser bandeira do governo de Jair Bolsonaro ainda no in\u00edcio da pandemia. Em uma das defesas mais recentes que o presidente fez, Pazuello estava sentado ao lado do chefe. Ambos participavam de uma transmiss\u00e3o ao vivo sobre o caos em Manaus, por causa do aumento no n\u00famero de mortes pela covid-19.<\/p>\n<p>Na ocasi\u00e3o, o ministro da Sa\u00fade afirmou que a alta nos n\u00fameros estava relacionada \u00e0&nbsp;falta&nbsp;de tratamento precoce. Bolsonaro indicou&nbsp;hidroxicloroquina e&nbsp;ivermectina, usada para tratar&nbsp;piolhos e vermes. Al\u00e9m disso, o presidente incluiu na lista&nbsp;nitazoxanida, antiparasit\u00e1rio que ajuda nos sintomas de infec\u00e7\u00f5es por amebas e gi\u00e1rdias, por exemplo.&nbsp;<\/p>\n<p>Ao responder uma rep\u00f3rter nesta sexta-feira (18), o ministro afirmou que a indica\u00e7\u00e3o do minist\u00e9rio \u00e9 para &#8220;atendimento precoce&#8221; , n\u00e3o &#8220;tratamento precoce&#8221;. Ele pediu aos rep\u00f3rteres que &#8220;n\u00e3o confundam&#8221; e &#8220;n\u00e3o coloquem isso errado&#8221;.<\/p>\n<p>Pazuello chamou a pergunta da rep\u00f3rter de &#8220;posi\u00e7\u00e3o&#8221; e completou, <em>&#8220;A senhora nunca me viu receitar ou dizer, colocar para as pessoas tomarem este ou aquele rem\u00e9dio&#8221;.&nbsp;<\/em><\/p>\n<p>Foi na gest\u00e3o interina de Pazuello que o Minist\u00e9rio da Sa\u00fade incluiu a cloroquina e a hidroxicloroquina na recomenda\u00e7\u00e3o t\u00e9cnina de prescri\u00e7\u00e3o dos m\u00e9dicos que atendem pacientes da covid. Na posse dele como ocupante definitivo do cargo, o presidente da Rep\u00fablica mostrou a caixa de um dos medicamento para a plateia como um trunfo.&nbsp;<\/p>\n<p><em>*Brasil de Fato&nbsp;<\/em><\/p>","protected":false},"excerpt":{"rendered":"<p>Pela segunda semana seguida,&nbsp;o Brasil registrou&nbsp;n\u00famero recorde de novos casos da&nbsp;covid-19&nbsp; para o per\u00edodo de sete dias.&nbsp;Os dados consolidados de 10 a 16 de janeiro somam 379.061 contaminados. O n\u00famero de casos em acompanhamento ultrapassou 860 mil, maior patamar j\u00e1 registrado desde os primeiros casos.&nbsp; O total de \u00f3bitos na semana se manteve acima dos<\/p>\n<div class=\"read-more-wrapper\"><a class=\"read-more\" href=\"https:\/\/www2.comunitaria.com.br\/en\/brasil-volta-a-bater-recorde-semanal-historico-de-casos-de-coronavirus\/\" title=\"Read More\"> <span class=\"button\">Read More<\/span><\/a><\/div>","protected":false},"author":2,"featured_media":44932,"comment_status":"open","ping_status":"closed","sticky":false,"template":"","format":"standard","meta":{"ngg_post_thumbnail":0,"footnotes":""},"categories":[33],"tags":[4567,4632,4641,5340],"class_list":["post-44930","post","type-post","status-publish","format-standard","has-post-thumbnail","hentry","category-noticias","tag-coronavirus","tag-covid-19","tag-pandemia","tag-pandemia-no-brasil"],"amp_enabled":true,"_links":{"self":[{"href":"https:\/\/www2.comunitaria.com.br\/en\/wp-json\/wp\/v2\/posts\/44930","targetHints":{"allow":["GET"]}}],"collection":[{"href":"https:\/\/www2.comunitaria.com.br\/en\/wp-json\/wp\/v2\/posts"}],"about":[{"href":"https:\/\/www2.comunitaria.com.br\/en\/wp-json\/wp\/v2\/types\/post"}],"author":[{"embeddable":true,"href":"https:\/\/www2.comunitaria.com.br\/en\/wp-json\/wp\/v2\/users\/2"}],"replies":[{"embeddable":true,"href":"https:\/\/www2.comunitaria.com.br\/en\/wp-json\/wp\/v2\/comments?post=44930"}],"version-history":[{"count":0,"href":"https:\/\/www2.comunitaria.com.br\/en\/wp-json\/wp\/v2\/posts\/44930\/revisions"}],"wp:featuredmedia":[{"embeddable":true,"href":"https:\/\/www2.comunitaria.com.br\/en\/wp-json\/wp\/v2\/media\/44932"}],"wp:attachment":[{"href":"https:\/\/www2.comunitaria.com.br\/en\/wp-json\/wp\/v2\/media?parent=44930"}],"wp:term":[{"taxonomy":"category","embeddable":true,"href":"https:\/\/www2.comunitaria.com.br\/en\/wp-json\/wp\/v2\/categories?post=44930"},{"taxonomy":"post_tag","embeddable":true,"href":"https:\/\/www2.comunitaria.com.br\/en\/wp-json\/wp\/v2\/tags?post=44930"}],"curies":[{"name":"wp","href":"https:\/\/api.w.org\/{rel}","templated":true}]}}