{"id":44914,"date":"2021-01-18T17:32:55","date_gmt":"2021-01-18T19:32:55","guid":{"rendered":"http:\/\/www2.comunitaria.com.br\/?p=44914"},"modified":"2021-01-18T17:32:55","modified_gmt":"2021-01-18T19:32:55","slug":"vacinacao-contra-a-covid-19-comeca-as-21h30min-desta-segunda-feira-no-rio-grande-do-sul","status":"publish","type":"post","link":"https:\/\/www2.comunitaria.com.br\/en\/vacinacao-contra-a-covid-19-comeca-as-21h30min-desta-segunda-feira-no-rio-grande-do-sul\/","title":{"rendered":"Vacina\u00e7\u00e3o contra a Covid-19 come\u00e7a \u00e0s 21h30min desta segunda-feira no Rio Grande do Sul"},"content":{"rendered":"<p>O governo do Estado confirmou para esta segunda-feira o in\u00edcio da campanha de vacina\u00e7\u00e3o contra a Covid-19 no Rio Grande do Sul. Ap\u00f3s horas de informa\u00e7\u00f5es desencontradas sobre o envio das doses, o Piratini informou que realizar\u00e1 um ato simb\u00f3lico no Hospital de Cl\u00ednicas de Porto Alegre \u2013 refer\u00eancia no tratamento contra o coronav\u00edrus \u2013 por volta das 21h30min. A&nbsp;<strong>vacina chegar\u00e1 em avi\u00e3o fretado<\/strong>&nbsp;previsto para pousar \u00e0s 20h25min no Aeroporto Salgado Filho, em Porto Alegre.&nbsp;<\/p>\n<p>O governo confirmou que o Estado receber\u00e1 uma carga de 341,8 mil doses da CoronaVac. Elas ser\u00e3o distribu\u00eddas proporcionalmente entre as 18 coordenadorias regioanais de sa\u00fade, possibilitando que os munic\u00edpios iniciem a imuniza\u00e7\u00e3o nesta ter\u00e7a.&nbsp;<\/p>\n<p>Seguindo as diretrizes do Plano Nacional e Imuniza\u00e7\u00f5es,&nbsp;<strong>os primeiros vacinados<\/strong>&nbsp;ser\u00e3o os profissionais da sa\u00fade da linha de frente contra Covid-19, idosos que vivem em institui\u00e7\u00f5es de longa perman\u00eancia e ind\u00edgenas.<\/p>\n<p>&nbsp;<\/p>\n<p><em>*Correio do Povo&nbsp;<\/em><\/p>","protected":false},"excerpt":{"rendered":"<p>O governo do Estado confirmou para esta segunda-feira o in\u00edcio da campanha de vacina\u00e7\u00e3o contra a Covid-19 no Rio Grande do Sul. Ap\u00f3s horas de informa\u00e7\u00f5es desencontradas sobre o envio&#8230;<\/p>","protected":false},"author":2,"featured_media":44916,"comment_status":"open","ping_status":"closed","sticky":false,"template":"","format":"standard","meta":{"ngg_post_thumbnail":0,"footnotes":""},"categories":[33],"tags":[5229,5322,56],"class_list":["post-44914","post","type-post","status-publish","format-standard","has-post-thumbnail","hentry","category-noticias","tag-autorizacaodavacina","tag-vacina-no-rio-grande-do-sul","tag-vacinacao"],"amp_enabled":true,"_links":{"self":[{"href":"https:\/\/www2.comunitaria.com.br\/en\/wp-json\/wp\/v2\/posts\/44914","targetHints":{"allow":["GET"]}}],"collection":[{"href":"https:\/\/www2.comunitaria.com.br\/en\/wp-json\/wp\/v2\/posts"}],"about":[{"href":"https:\/\/www2.comunitaria.com.br\/en\/wp-json\/wp\/v2\/types\/post"}],"author":[{"embeddable":true,"href":"https:\/\/www2.comunitaria.com.br\/en\/wp-json\/wp\/v2\/users\/2"}],"replies":[{"embeddable":true,"href":"https:\/\/www2.comunitaria.com.br\/en\/wp-json\/wp\/v2\/comments?post=44914"}],"version-history":[{"count":0,"href":"https:\/\/www2.comunitaria.com.br\/en\/wp-json\/wp\/v2\/posts\/44914\/revisions"}],"wp:featuredmedia":[{"embeddable":true,"href":"https:\/\/www2.comunitaria.com.br\/en\/wp-json\/wp\/v2\/media\/44916"}],"wp:attachment":[{"href":"https:\/\/www2.comunitaria.com.br\/en\/wp-json\/wp\/v2\/media?parent=44914"}],"wp:term":[{"taxonomy":"category","embeddable":true,"href":"https:\/\/www2.comunitaria.com.br\/en\/wp-json\/wp\/v2\/categories?post=44914"},{"taxonomy":"post_tag","embeddable":true,"href":"https:\/\/www2.comunitaria.com.br\/en\/wp-json\/wp\/v2\/tags?post=44914"}],"curies":[{"name":"wp","href":"https:\/\/api.w.org\/{rel}","templated":true}]}}