{"id":44897,"date":"2021-01-18T14:50:26","date_gmt":"2021-01-18T16:50:26","guid":{"rendered":"http:\/\/www2.comunitaria.com.br\/?p=44897"},"modified":"2021-01-18T14:50:26","modified_gmt":"2021-01-18T16:50:26","slug":"covid-para-primeira-indigena-vacinada-no-brasil-ciencia-vencera-politica-genocida","status":"publish","type":"post","link":"https:\/\/www2.comunitaria.com.br\/en\/covid-para-primeira-indigena-vacinada-no-brasil-ciencia-vencera-politica-genocida\/","title":{"rendered":"Covid: para primeira ind\u00edgena vacinada no Brasil, ci\u00eancia vencer\u00e1 \u201cpol\u00edtica genocida\u201d"},"content":{"rendered":"<p>Receber a primeira dose da CoronaVac neste domingo, 17, em S\u00e3o Paulo, ap\u00f3s a Ag\u00eancia Nacional de Vigil\u00e2ncia Sanit\u00e1ria (Anvisa) aprovar o uso emergencial da vacina contra a Covid-19, representa uma esperan\u00e7a para Vanuza Kaimb\u00e9, primeira ind\u00edgena vacinada no Brasil.<\/p>\n<p>Aos 50 anos, com experi\u00eancia como t\u00e9cnica de enfermagem, inclusive no atendimento \u00e0 popula\u00e7\u00e3o ind\u00edgena na capital paulista, e rec\u00e9m-formada em Assist\u00eancia Social com bolsa integral pela PUC-SP, Vanuza explica que espera um choque de realidade no pa\u00eds diante da crise sanit\u00e1ria.<\/p>\n<p><em>\u201cDesejo que o povo acorde para o que o acontece hoje no Brasil e que a ci\u00eancia ven\u00e7a a pol\u00edtica genocida e a ignor\u00e2ncia\u201d,<\/em> afirma Vanuza, que \u00e9 tamb\u00e9m presidenta do Conselho do Povo Kaimb\u00e9 no estado de S\u00e3o Paulo.<\/p>\n<p>Em maio de 2020, ela tamb\u00e9m foi contaminada pela Covid-19. \u201cN\u00e3o foi f\u00e1cil passar por esta doen\u00e7a, eu tive falta de ar e dores pelo corpo. Essa doen\u00e7a afeta nosso sistema nervoso, deixa a gente confusa, a gente chora. Eu sentia muito medo e quando a gente pensa que est\u00e1 se recuperando vem uma dor no corpo, uma fraqueza\u201d, relata.<\/p>\n<p>Oito meses depois, ela ainda convive com as sequelas e teme n\u00e3o conseguir mais recuperar totalmente o olfato e o paladar, atingidos pela infec\u00e7\u00e3o.<\/p>\n<p>N\u00e3o bastasse as dores f\u00edsicas, ela ainda vive o luto pela morte de dois primos moradores de Itaquaquecetuba e de Cidade Tiradentes, na zona leste da capital paulista, v\u00edtimas da Covid-19.<br \/>\nVivendo atualmente na Aldeia Filhos Dessa Terra, em Guarulhos, na Grande S\u00e3o Paulo, ela conta que foi escolhida para ser a primeira ind\u00edgena a tomar vacina por conta de uma campanha que iniciou h\u00e1 meses ao lado de outras lideran\u00e7as que pressionaram o governo paulista e o Instituto Butantan.<\/p>\n<p>Fora os ind\u00edgenas do povo Kaimb\u00e9, outros moradores da aldeia onde vive, dos povos Tupi Guarani, Pankarar\u00e9 e Pankararu, tamb\u00e9m foram contaminados pela Covid-19. \u201cDepois de lutar, conseguimos ampliar as testagens nas aldeias e tamb\u00e9m em ind\u00edgenas que vivem na cidade\u201d, explica.<\/p>\n<p>Al\u00e9m da defesa pela vacina\u00e7\u00e3o contra Covid-19, a representante do povo Kaimb\u00e9 em S\u00e3o Paulo tamb\u00e9m levanta outras bandeiras.<\/p>\n<p><em>\u201cMe preocupo muito com meus parentes ind\u00edgenas das diferentes etnias e nossa luta por sa\u00fade, educa\u00e7\u00e3o, terra e moradia. Os governos devem reconhecer os ind\u00edgenas aldeados e os que vivem nas cidades, j\u00e1 que somos uma grande maioria hoje e nossa luta \u00e9 antiga como povos origin\u00e1rios\u201d,<\/em> destaca.<\/p>\n<p>Vanuza levanta ainda o papel dos povos ind\u00edgenas na preserva\u00e7\u00e3o das condi\u00e7\u00f5es para que a humanidade possa sobreviver na Terra.<\/p>\n<p><em>\u201cSomos os povos origin\u00e1rios do Brasil e lutamos pela preserva\u00e7\u00e3o do meio ambiente e pela vida tanto daqueles que nos odeiam, quanto daqueles que s\u00e3o favor\u00e1veis \u00e0s nossas causas. Defendemos a vida da humanidade, ao contr\u00e1rio deste governo (Jair Bolsonaro) que nega a ci\u00eancia, a educa\u00e7\u00e3o e \u00e9 totalmente desrespeitoso com o Brasil\u201d<\/em>, finaliza Vanuza.<\/p>\n<p><em>*Sul 21<\/em><\/p>","protected":false},"excerpt":{"rendered":"<p>Receber a primeira dose da CoronaVac neste domingo, 17, em S\u00e3o Paulo, ap\u00f3s a Ag\u00eancia Nacional de Vigil\u00e2ncia Sanit\u00e1ria (Anvisa) aprovar o uso emergencial da vacina contra a Covid-19, representa&#8230;<\/p>","protected":false},"author":2,"featured_media":44899,"comment_status":"open","ping_status":"closed","sticky":false,"template":"","format":"standard","meta":{"ngg_post_thumbnail":0,"footnotes":""},"categories":[33],"tags":[1852,192,5323],"class_list":["post-44897","post","type-post","status-publish","format-standard","has-post-thumbnail","hentry","category-noticias","tag-indigenas","tag-vacina","tag-vacinacao-em-indigenas"],"amp_enabled":true,"_links":{"self":[{"href":"https:\/\/www2.comunitaria.com.br\/en\/wp-json\/wp\/v2\/posts\/44897","targetHints":{"allow":["GET"]}}],"collection":[{"href":"https:\/\/www2.comunitaria.com.br\/en\/wp-json\/wp\/v2\/posts"}],"about":[{"href":"https:\/\/www2.comunitaria.com.br\/en\/wp-json\/wp\/v2\/types\/post"}],"author":[{"embeddable":true,"href":"https:\/\/www2.comunitaria.com.br\/en\/wp-json\/wp\/v2\/users\/2"}],"replies":[{"embeddable":true,"href":"https:\/\/www2.comunitaria.com.br\/en\/wp-json\/wp\/v2\/comments?post=44897"}],"version-history":[{"count":0,"href":"https:\/\/www2.comunitaria.com.br\/en\/wp-json\/wp\/v2\/posts\/44897\/revisions"}],"wp:featuredmedia":[{"embeddable":true,"href":"https:\/\/www2.comunitaria.com.br\/en\/wp-json\/wp\/v2\/media\/44899"}],"wp:attachment":[{"href":"https:\/\/www2.comunitaria.com.br\/en\/wp-json\/wp\/v2\/media?parent=44897"}],"wp:term":[{"taxonomy":"category","embeddable":true,"href":"https:\/\/www2.comunitaria.com.br\/en\/wp-json\/wp\/v2\/categories?post=44897"},{"taxonomy":"post_tag","embeddable":true,"href":"https:\/\/www2.comunitaria.com.br\/en\/wp-json\/wp\/v2\/tags?post=44897"}],"curies":[{"name":"wp","href":"https:\/\/api.w.org\/{rel}","templated":true}]}}