{"id":44816,"date":"2021-01-14T12:21:31","date_gmt":"2021-01-14T14:21:31","guid":{"rendered":"http:\/\/www2.comunitaria.com.br\/?p=44816"},"modified":"2021-01-14T12:21:31","modified_gmt":"2021-01-14T14:21:31","slug":"por-pandemia-justica-federal-suspende-enem-no-amazonas","status":"publish","type":"post","link":"https:\/\/www2.comunitaria.com.br\/en\/por-pandemia-justica-federal-suspende-enem-no-amazonas\/","title":{"rendered":"Por pandemia, Justi\u00e7a Federal suspende Enem no Amazonas"},"content":{"rendered":"<p>A Justi\u00e7a Federal suspendeu na noite de quarta-feira, 13, a realiza\u00e7\u00e3o do Exame Nacional do Ensino M\u00e9dio (Enem) no estado do Amazonas, em fun\u00e7\u00e3o do avan\u00e7o da pandemia de covid-19. O primeiro dia de provas estava marcado para o pr\u00f3ximo domingo, 17, e o segundo dia para 24 de janeiro.<img decoding=\"async\" src=\"https:\/\/agenciabrasil.ebc.com.br\/ebc.png?id=1398619&amp;o=node\"><img decoding=\"async\" src=\"https:\/\/agenciabrasil.ebc.com.br\/ebc.gif?id=1398619&amp;o=node\"><\/p>\n<p>Pela decis\u00e3o liminar (provis\u00f3ria) do juiz Ricardo Augusto de Sales, da 3\u00aa Vara Federal C\u00edvel do Amazonas, a realiza\u00e7\u00e3o do Enem no Amazonas deve ficar suspensa enquanto durar o estado de calamidade p\u00fablica decretado pelo governo estadual. Na semana passada, o governador Wilson Lima publicou decreto que estende o estado de calamidade por mais 180 dias.&nbsp;<\/p>\n<p>O magistrado atendeu a um pedido de liminar feito pelo deputado Marcelo Ramos (PL-AM) e vereador Amom Mandel (Podemos, de Manaus). Ambos destacaram n\u00fameros da covid-19 e afirmaram que o estado se encontra na pior fase j\u00e1 registrada da pandemia, com elevado risco de cont\u00e1gio para os participantes do Enem.<\/p>\n<p><em>\u201cDestaco que, aparentemente, malfere o princ\u00edpio da moralidade administrativa se impor aos estudantes e profissionais respons\u00e1veis pela aplica\u00e7\u00e3o do Enem que se submetam a potenciais riscos de contamina\u00e7\u00e3o pelo covid-19, numa situa\u00e7\u00e3o na qual o Poder P\u00fablico n\u00e3o disp\u00f5e de estrutura hospitalar sanit\u00e1ria para dar o socorro m\u00e9dico devido \u00e0queles que eventualmente necessitarem\u201d,<\/em> escreveu o juiz em sua decis\u00e3o.<\/p>\n<p>Desde o fim do ano passado, o Amazonas vive um avan\u00e7o nos n\u00fameros da doen\u00e7a e est\u00e1 com mais de 90% dos leitos cl\u00ednicos e de UTI ocupados no estado, tanto na rede p\u00fablica como na privada. De acordo com dados do governo estadual, foram confirmados 1.958 novas contamina\u00e7\u00f5es e 27 mortes nas \u00faltimas 24 horas, totalizando 218.070 contaminados e 5.810 mortos no estado desde o in\u00edcio da pandemia.<\/p>\n<h4>Suspens\u00e3o nacional<\/h4>\n<p>Na ter\u00e7a-feira, 12, a <a href=\"http:\/\/agenciabrasil.ebc.com.br\/justica\/noticia\/2021-01\/justica-federal-de-sao-paulo-nega-novo-adiamento-do-enem-2020\" target=\"_blank\" rel=\"noopener noreferrer\">Justi\u00e7a Federal<\/a>&nbsp;de S\u00e3o Paulo negou um pedido da Defensoria P\u00fablica da Uni\u00e3o (DPU) para adiar a realiza\u00e7\u00e3o do Enem em todo o territ\u00f3rio nacional.<\/p>\n<p>Na decis\u00e3o, contudo, a ju\u00edza federal Marisa Claudia Gon\u00e7alves Cucio ressalvou que a imposi\u00e7\u00e3o de medidas de isolamento mais severas por autoridades sanit\u00e1rias locais e regionais seria um impedimento para a realiza\u00e7\u00e3o da prova. Nesses casos, \u201cficar\u00e1 o Inep&nbsp;obrigado \u00e0 reaplica\u00e7\u00e3o do exame diante da situa\u00e7\u00e3o espec\u00edfica\u201d, ordenou a magistrada.<\/p>\n<p>De acordo com dados do Inep, h\u00e1 5,78 milh\u00f5es de inscritos para realizar as provas presenciais do Enem em todo o Brasil.<\/p>\n<p>&nbsp;<\/p>\n<p><em>*Ag\u00eancia Brasil&nbsp;<\/em><\/p>","protected":false},"excerpt":{"rendered":"<p>A Justi\u00e7a Federal suspendeu na noite de quarta-feira, 13, a realiza\u00e7\u00e3o do Exame Nacional do Ensino M\u00e9dio (Enem) no estado do Amazonas, em fun\u00e7\u00e3o do avan\u00e7o da pandemia de covid-19&#8230;.<\/p>","protected":false},"author":2,"featured_media":44818,"comment_status":"open","ping_status":"closed","sticky":false,"template":"","format":"standard","meta":{"ngg_post_thumbnail":0,"footnotes":""},"categories":[33],"tags":[4666,53,4641,4643,5295],"class_list":["post-44816","post","type-post","status-publish","format-standard","has-post-thumbnail","hentry","category-noticias","tag-comunitariafw","tag-enem","tag-pandemia","tag-radiocomunitaria","tag-suspensao-do-enem"],"amp_enabled":true,"_links":{"self":[{"href":"https:\/\/www2.comunitaria.com.br\/en\/wp-json\/wp\/v2\/posts\/44816","targetHints":{"allow":["GET"]}}],"collection":[{"href":"https:\/\/www2.comunitaria.com.br\/en\/wp-json\/wp\/v2\/posts"}],"about":[{"href":"https:\/\/www2.comunitaria.com.br\/en\/wp-json\/wp\/v2\/types\/post"}],"author":[{"embeddable":true,"href":"https:\/\/www2.comunitaria.com.br\/en\/wp-json\/wp\/v2\/users\/2"}],"replies":[{"embeddable":true,"href":"https:\/\/www2.comunitaria.com.br\/en\/wp-json\/wp\/v2\/comments?post=44816"}],"version-history":[{"count":0,"href":"https:\/\/www2.comunitaria.com.br\/en\/wp-json\/wp\/v2\/posts\/44816\/revisions"}],"wp:featuredmedia":[{"embeddable":true,"href":"https:\/\/www2.comunitaria.com.br\/en\/wp-json\/wp\/v2\/media\/44818"}],"wp:attachment":[{"href":"https:\/\/www2.comunitaria.com.br\/en\/wp-json\/wp\/v2\/media?parent=44816"}],"wp:term":[{"taxonomy":"category","embeddable":true,"href":"https:\/\/www2.comunitaria.com.br\/en\/wp-json\/wp\/v2\/categories?post=44816"},{"taxonomy":"post_tag","embeddable":true,"href":"https:\/\/www2.comunitaria.com.br\/en\/wp-json\/wp\/v2\/tags?post=44816"}],"curies":[{"name":"wp","href":"https:\/\/api.w.org\/{rel}","templated":true}]}}