{"id":44712,"date":"2021-01-11T17:36:19","date_gmt":"2021-01-11T19:36:19","guid":{"rendered":"http:\/\/www2.comunitaria.com.br\/?p=44712"},"modified":"2021-01-11T17:36:19","modified_gmt":"2021-01-11T19:36:19","slug":"predio-da-antiga-prefeitura-sera-transformado-em-escola","status":"publish","type":"post","link":"https:\/\/www2.comunitaria.com.br\/en\/predio-da-antiga-prefeitura-sera-transformado-em-escola\/","title":{"rendered":"Pr\u00e9dio da antiga prefeitura ser\u00e1 transformado em escola"},"content":{"rendered":"<div class=\"descricao rvfs-4\" data-rvfs=\"4\">\n<div>Um novo&nbsp; projeto projeto da Administra\u00e7\u00e3o de Frederico Westphalen, prev\u00ea a reforma e amplia\u00e7\u00e3o do pr\u00e9dio da antiga prefeitura, na Rua do Com\u00e9rcio, que ser\u00e1 transformado em uma escola municipal. O projeto j\u00e1 est\u00e1 em andamento, inclusive a busca de recursos, j\u00e1 que o prefeito Jos\u00e9 Alberto Panosso, no final de 2020, visitou o ministro da Educa\u00e7\u00e3o, Milton Ribeiro, que acenou positivamente com a destina\u00e7\u00e3o de verba para a execu\u00e7\u00e3o da obra. Depois de conclu\u00edda, a escola dever\u00e1 oferecer, ao menos, 150 vagas para educa\u00e7\u00e3o infantil.<\/p>\n<p>De acordo com a secret\u00e1ria de Educa\u00e7\u00e3o e Cultura, Rosane Loose, o projeto est\u00e1 ligado \u00e0s a\u00e7\u00f5es do Plano de A\u00e7\u00f5es Articuladas (PAR) e prev\u00ea a reforma completa do pr\u00e9dio existente, desde o piso at\u00e9 a cobertura, al\u00e9m da constru\u00e7\u00e3o de um bloco anexo como amplia\u00e7\u00e3o. <em>\u201cA Administra\u00e7\u00e3o Municipal j\u00e1 elaborou o projeto e busca recursos. Est\u00e1 prevista a cria\u00e7\u00e3o de 13 salas de aula, setor administrativo, sala de inform\u00e1tica, biblioteca, refeit\u00f3rio, lavanderia, cozinha, rampas de acessibilidade, banheiros adaptativos, al\u00e9m de uma plataforma elevat\u00f3ria entre os pavimentos, salas de apoio, playground e p\u00e1tio aberto e coberto\u201d<\/em>, explicou Rosane.<\/p>\n<p>Conforme a secret\u00e1ria, a nova escola, al\u00e9m de garantir ainda mais vagas na rede municipal de ensino, vai possibilitar a recupera\u00e7\u00e3o e reutiliza\u00e7\u00e3o de uma edifica\u00e7\u00e3o existente e de valor hist\u00f3rico para o munic\u00edpio.<\/p>\n<p><em>\u201cEste local \u00e9 uma \u00e1rea que agrega uma popula\u00e7\u00e3o n\u00e3o contemplada na rede municipal de ensino. Este espa\u00e7o \u00e9 um sonho antigo e vem sendo solicitado pela Smec h\u00e1 um longo tempo, visando acessibilidade e manuten\u00e7\u00e3o futura da gest\u00e3o municipal, pois temos condi\u00e7\u00f5es de ofertar um Centro de Educa\u00e7\u00e3o Infantil com o objetivo de ampliar a oferta de vagas para anos subsequentes. Al\u00e9m disso, tem o valor simb\u00f3lico do pr\u00e9dio que precisa ser levado em considera\u00e7\u00e3o, e nada melhor que um espa\u00e7o escolar para dar o valor da obra hist\u00f3rica do nosso munic\u00edpio\u201d,<\/em> pontuou Rosane.<\/p>\n<p>Segundo o prefeito Panosso, um dos pilares da Administra\u00e7\u00e3o Municipal \u00e9 a educa\u00e7\u00e3o, e essa nova escola vai garantir ainda mais qualidade \u00e0 rede municipal de ensino<em>. \u201cA rede municipal de ensino de Frederico Westphalen conta com professores altamente qualificados, que desempenham um \u00f3timo trabalho nas escolas e garantem ensino de qualidade aos alunos. Com a constru\u00e7\u00e3o de uma escola no Centro, teremos oferta de vagas na \u00e1rea central da cidade e, com isso, o munic\u00edpio ter\u00e1, inclusive, maior retorno financeiro do Minist\u00e9rio da Educa\u00e7\u00e3o. Um dos pilares da nossa Administra\u00e7\u00e3o \u00e9 a educa\u00e7\u00e3o e trabalharemos para que nossas crian\u00e7as tenham cada dia melhores condi\u00e7\u00f5es em todas as \u00e1reas\u201d<\/em>, destacou Panosso.<\/div>\n<\/div>\n<div>&nbsp;<\/div>\n<div class=\"fonte\">Fonte: Andr\u00e9 Piovesan\/Ascom<\/div>","protected":false},"excerpt":{"rendered":"<p>Um novo&nbsp; projeto projeto da Administra\u00e7\u00e3o de Frederico Westphalen, prev\u00ea a reforma e amplia\u00e7\u00e3o do pr\u00e9dio da antiga prefeitura, na Rua do Com\u00e9rcio, que ser\u00e1 transformado em uma escola municipal. O projeto j\u00e1 est\u00e1 em andamento, inclusive a busca de recursos, j\u00e1 que o prefeito Jos\u00e9 Alberto Panosso, no final de 2020, visitou o ministro<\/p>\n<div class=\"read-more-wrapper\"><a class=\"read-more\" href=\"https:\/\/www2.comunitaria.com.br\/en\/predio-da-antiga-prefeitura-sera-transformado-em-escola\/\" title=\"Read More\"> <span class=\"button\">Read More<\/span><\/a><\/div>","protected":false},"author":2,"featured_media":44714,"comment_status":"open","ping_status":"closed","sticky":false,"template":"","format":"standard","meta":{"ngg_post_thumbnail":0,"footnotes":""},"categories":[33],"tags":[413,2025,5245,5246,4655,4766],"class_list":["post-44712","post","type-post","status-publish","format-standard","has-post-thumbnail","hentry","category-noticias","tag-educacao-2","tag-educacao-infantil","tag-prefeitura-municipal","tag-prefeitura-municipal-de-fredericowestphalen","tag-radiocomunitariafw","tag-secretariadaeducacao"],"amp_enabled":true,"_links":{"self":[{"href":"https:\/\/www2.comunitaria.com.br\/en\/wp-json\/wp\/v2\/posts\/44712","targetHints":{"allow":["GET"]}}],"collection":[{"href":"https:\/\/www2.comunitaria.com.br\/en\/wp-json\/wp\/v2\/posts"}],"about":[{"href":"https:\/\/www2.comunitaria.com.br\/en\/wp-json\/wp\/v2\/types\/post"}],"author":[{"embeddable":true,"href":"https:\/\/www2.comunitaria.com.br\/en\/wp-json\/wp\/v2\/users\/2"}],"replies":[{"embeddable":true,"href":"https:\/\/www2.comunitaria.com.br\/en\/wp-json\/wp\/v2\/comments?post=44712"}],"version-history":[{"count":0,"href":"https:\/\/www2.comunitaria.com.br\/en\/wp-json\/wp\/v2\/posts\/44712\/revisions"}],"wp:featuredmedia":[{"embeddable":true,"href":"https:\/\/www2.comunitaria.com.br\/en\/wp-json\/wp\/v2\/media\/44714"}],"wp:attachment":[{"href":"https:\/\/www2.comunitaria.com.br\/en\/wp-json\/wp\/v2\/media?parent=44712"}],"wp:term":[{"taxonomy":"category","embeddable":true,"href":"https:\/\/www2.comunitaria.com.br\/en\/wp-json\/wp\/v2\/categories?post=44712"},{"taxonomy":"post_tag","embeddable":true,"href":"https:\/\/www2.comunitaria.com.br\/en\/wp-json\/wp\/v2\/tags?post=44712"}],"curies":[{"name":"wp","href":"https:\/\/api.w.org\/{rel}","templated":true}]}}