{"id":44640,"date":"2021-01-07T18:13:07","date_gmt":"2021-01-07T20:13:07","guid":{"rendered":"http:\/\/www2.comunitaria.com.br\/?p=44640"},"modified":"2021-01-07T18:13:07","modified_gmt":"2021-01-07T20:13:07","slug":"fw-registra-20-obito-em-decorrencia-da-covid-19","status":"publish","type":"post","link":"https:\/\/www2.comunitaria.com.br\/en\/fw-registra-20-obito-em-decorrencia-da-covid-19\/","title":{"rendered":"FW registra 20\u00b0 \u00f3bito em decorr\u00eancia da Covid-19"},"content":{"rendered":"<p>Nesta quinta-feira,7, o Boletim do Coronav\u00edrus divulgado pela Administra\u00e7\u00e3o Municipal e Hospital Divina Provid\u00eancia, registrou mais um \u00f3bito em decorr\u00eancia da Covid-19. A paciente mulher, tinha 71 anos e estava internada na UTI do HDP, \u00e9 a 20\u00b0 morte registrada, sendo 15 de pacientes de Frederico Westphalen e cinco de outro munic\u00edpio.&nbsp;<\/p>\n<p>Ao todo FW contabiliza 2033 casos da doen\u00e7a e 310 casos com a doen\u00e7a ativa.&nbsp;<\/p>","protected":false},"excerpt":{"rendered":"<p>Nesta quinta-feira,7, o Boletim do Coronav\u00edrus divulgado pela Administra\u00e7\u00e3o Municipal e Hospital Divina Provid\u00eancia, registrou mais um \u00f3bito em decorr\u00eancia da Covid-19. A paciente mulher, tinha 71 anos e estava&#8230;<\/p>","protected":false},"author":2,"featured_media":44642,"comment_status":"open","ping_status":"closed","sticky":false,"template":"","format":"standard","meta":{"ngg_post_thumbnail":0,"footnotes":""},"categories":[33],"tags":[4567,4632,4638,5227,5226,4655],"class_list":["post-44640","post","type-post","status-publish","format-standard","has-post-thumbnail","hentry","category-noticias","tag-coronavirus","tag-covid-19","tag-fredericowestphalen","tag-obitos-da-covid","tag-obtios","tag-radiocomunitariafw"],"amp_enabled":true,"_links":{"self":[{"href":"https:\/\/www2.comunitaria.com.br\/en\/wp-json\/wp\/v2\/posts\/44640","targetHints":{"allow":["GET"]}}],"collection":[{"href":"https:\/\/www2.comunitaria.com.br\/en\/wp-json\/wp\/v2\/posts"}],"about":[{"href":"https:\/\/www2.comunitaria.com.br\/en\/wp-json\/wp\/v2\/types\/post"}],"author":[{"embeddable":true,"href":"https:\/\/www2.comunitaria.com.br\/en\/wp-json\/wp\/v2\/users\/2"}],"replies":[{"embeddable":true,"href":"https:\/\/www2.comunitaria.com.br\/en\/wp-json\/wp\/v2\/comments?post=44640"}],"version-history":[{"count":0,"href":"https:\/\/www2.comunitaria.com.br\/en\/wp-json\/wp\/v2\/posts\/44640\/revisions"}],"wp:featuredmedia":[{"embeddable":true,"href":"https:\/\/www2.comunitaria.com.br\/en\/wp-json\/wp\/v2\/media\/44642"}],"wp:attachment":[{"href":"https:\/\/www2.comunitaria.com.br\/en\/wp-json\/wp\/v2\/media?parent=44640"}],"wp:term":[{"taxonomy":"category","embeddable":true,"href":"https:\/\/www2.comunitaria.com.br\/en\/wp-json\/wp\/v2\/categories?post=44640"},{"taxonomy":"post_tag","embeddable":true,"href":"https:\/\/www2.comunitaria.com.br\/en\/wp-json\/wp\/v2\/tags?post=44640"}],"curies":[{"name":"wp","href":"https:\/\/api.w.org\/{rel}","templated":true}]}}