{"id":44512,"date":"2021-01-04T17:50:20","date_gmt":"2021-01-04T19:50:20","guid":{"rendered":"http:\/\/www2.comunitaria.com.br\/?p=44512"},"modified":"2021-01-04T17:50:20","modified_gmt":"2021-01-04T19:50:20","slug":"prf-contabiliza-903-acidentes-e-67-mortes-em-rodovias-no-ano-novo","status":"publish","type":"post","link":"https:\/\/www2.comunitaria.com.br\/en\/prf-contabiliza-903-acidentes-e-67-mortes-em-rodovias-no-ano-novo\/","title":{"rendered":"PRF contabiliza 903 acidentes e 67 mortes em rodovias no ano-novo"},"content":{"rendered":"<p>A Pol\u00edcia Rodovi\u00e1ria Federal (PRF) registrou 903 acidentes em rodovias federais entre os dias 30 de dezembro e 3 de janeiro. O n\u00famero \u00e9 1% maior do que o registrado no mesmo per\u00edodo de 2019. Deste total, 254 foram considerados graves, por terem resultado em v\u00edtimas \u2013 11% a menos do que no ano passado. Ao todo, 67 pessoas perderam a vida nessas rodovias. O total de v\u00edtimas fatais foi 9% menor do que o registrado no ano anterior.<img decoding=\"async\" src=\"https:\/\/agenciabrasil.ebc.com.br\/ebc.png?id=1397889&amp;o=node\"><img decoding=\"async\" src=\"https:\/\/agenciabrasil.ebc.com.br\/ebc.gif?id=1397889&amp;o=node\"><\/p>\n<p>De acordo com o balan\u00e7o divulgado nesta segunda-feira, 4, pela PRF, 1.150 pessoas ficaram feridas, o que representa queda de 6% na compara\u00e7\u00e3o com a Opera\u00e7\u00e3o Ano-Novo do ano passado. Durante a opera\u00e7\u00e3o, mais de 3,3 mil testes do etil\u00f4metro foram aplicados, resultando no flagrante de 479 motoristas que dirigiam ap\u00f3s terem consumido bebida alco\u00f3lica \u2013 n\u00famero 65% menor do que o registrado no per\u00edodo de 28 de dezembro de 2019 a 1\u00ba de janeiro de 2020.<\/p>\n<p>Cerca de 6 mil condutores foram autuados pela manobra arriscada. Na compara\u00e7\u00e3o com o feriado de ano-novo de 2019 para 2020, o n\u00famero representa aumento de 17%.<\/p>\n<p>A PRF verificou tamb\u00e9m se os motoristas estavam usando os equipamentos de seguran\u00e7a obrigat\u00f3rios. Segundo o \u00f3rg\u00e3o, mais de 800 ocupantes de motocicletas n\u00e3o usavam o capacete (11% a menos que no ano passado). No caso dos autom\u00f3veis, cerca de 3,7 mil (-7%) pessoas viajavam sem o cinto de seguran\u00e7a, item cujo uso \u00e9 obrigat\u00f3rio para motoristas e passageiros. Ao todo, 180 (+49%) motoristas foram flagrados usando celular enquanto dirigiam.<\/p>\n<p>Durante a opera\u00e7\u00e3o deste feriado de fim de ano, a PRF refor\u00e7ou a fiscaliza\u00e7\u00e3o e o trabalho de preven\u00e7\u00e3o a acidentes nos principais pontos de acidentes e de maior incid\u00eancia de pr\u00e1ticas criminosas. Mais de 125 mil ve\u00edculos e pessoas foram fiscalizados.<\/p>\n<p>As a\u00e7\u00f5es de educa\u00e7\u00e3o para o tr\u00e2nsito, que visam a conscientiza\u00e7\u00e3o das pessoas sobre a import\u00e2ncia de se obedecer as leis de tr\u00e2nsito, atingiram mais de 3,3 mil pessoas.<\/p>\n<p>&nbsp;<\/p>\n<p><em>*Ag\u00eancia Brasil&nbsp;<\/em><\/p>","protected":false},"excerpt":{"rendered":"<p>A Pol\u00edcia Rodovi\u00e1ria Federal (PRF) registrou 903 acidentes em rodovias federais entre os dias 30 de dezembro e 3 de janeiro. O n\u00famero \u00e9 1% maior do que o registrado&#8230;<\/p>","protected":false},"author":2,"featured_media":44514,"comment_status":"open","ping_status":"closed","sticky":false,"template":"","format":"standard","meta":{"ngg_post_thumbnail":0,"footnotes":""},"categories":[33],"tags":[5169,901,5150,394],"class_list":["post-44512","post","type-post","status-publish","format-standard","has-post-thumbnail","hentry","category-noticias","tag-estradasgauchas","tag-fiscalizacao","tag-policiarodoviariafederal","tag-prf"],"amp_enabled":true,"_links":{"self":[{"href":"https:\/\/www2.comunitaria.com.br\/en\/wp-json\/wp\/v2\/posts\/44512","targetHints":{"allow":["GET"]}}],"collection":[{"href":"https:\/\/www2.comunitaria.com.br\/en\/wp-json\/wp\/v2\/posts"}],"about":[{"href":"https:\/\/www2.comunitaria.com.br\/en\/wp-json\/wp\/v2\/types\/post"}],"author":[{"embeddable":true,"href":"https:\/\/www2.comunitaria.com.br\/en\/wp-json\/wp\/v2\/users\/2"}],"replies":[{"embeddable":true,"href":"https:\/\/www2.comunitaria.com.br\/en\/wp-json\/wp\/v2\/comments?post=44512"}],"version-history":[{"count":0,"href":"https:\/\/www2.comunitaria.com.br\/en\/wp-json\/wp\/v2\/posts\/44512\/revisions"}],"wp:featuredmedia":[{"embeddable":true,"href":"https:\/\/www2.comunitaria.com.br\/en\/wp-json\/wp\/v2\/media\/44514"}],"wp:attachment":[{"href":"https:\/\/www2.comunitaria.com.br\/en\/wp-json\/wp\/v2\/media?parent=44512"}],"wp:term":[{"taxonomy":"category","embeddable":true,"href":"https:\/\/www2.comunitaria.com.br\/en\/wp-json\/wp\/v2\/categories?post=44512"},{"taxonomy":"post_tag","embeddable":true,"href":"https:\/\/www2.comunitaria.com.br\/en\/wp-json\/wp\/v2\/tags?post=44512"}],"curies":[{"name":"wp","href":"https:\/\/api.w.org\/{rel}","templated":true}]}}