{"id":44397,"date":"2020-12-22T16:14:57","date_gmt":"2020-12-22T18:14:57","guid":{"rendered":"http:\/\/www2.comunitaria.com.br\/?p=44397"},"modified":"2020-12-22T16:14:57","modified_gmt":"2020-12-22T18:14:57","slug":"previa-da-inflacao-acelera-e-registra-maior-nivel-desde-junho-de-2018","status":"publish","type":"post","link":"https:\/\/www2.comunitaria.com.br\/en\/previa-da-inflacao-acelera-e-registra-maior-nivel-desde-junho-de-2018\/","title":{"rendered":"Pr\u00e9via da infla\u00e7\u00e3o acelera e registra maior n\u00edvel desde junho de 2018"},"content":{"rendered":"<p>A pr\u00e9via da infla\u00e7\u00e3o atingiu o maior n\u00edvel em 30 meses, de acordo com o \u00cdndice Nacional de Pre\u00e7os ao Consumidor Amplo 15 (IPCA-15), divulgado pelo IBGE nesta ter\u00e7a-feira. O indicador apresentou alta de 1,06%, novamente pressionado pelo aumento nos pre\u00e7os dos alimentos e bebidas. Em junho de 2018, a varia\u00e7\u00e3o mensal chegou a 1,11%.<\/p>\n<p>Com isso, o \u00edndice fechou 2020 com aumento de 4,23%, o maior acumulado do ano desde 2016 (6,58%). Em 2019, o acumulado do IPCA-15 foi de 3,91%. Vale ressaltar que o indicador de dezembro foi 0,25 ponto percentual acima da taxa de novembro (0,81%). J\u00e1 o IPCA-E (acumulado trimestral do IPCA-15) dos \u00faltimos tr\u00eas meses de 2020 foi de 2,84%.<\/p>\n<h4><strong>Pesou no bolso<\/strong><\/h4>\n<p>Os itens que mais pesaram no bolso do consumidor foram as carnes (5,53%), o arroz (4,96%) e frutas (3,62%. A batata-inglesa (17,96%) e o \u00f3leo de soja (7,00%) tamb\u00e9m subiram de pre\u00e7o na pr\u00e9via da infla\u00e7\u00e3o de dezembro, mas apresentaram desacelera\u00e7\u00e3o na compara\u00e7\u00e3o com novembro, quando registraram altas de 33,37% e 14,85%, respectivamente. Entre as quedas no grupo, os destaques foram o tomate (-4,68%), o alho (-2,49%) e o leite longa vida (-0,74%).<\/p>\n<p>Dentre os grupos pesquisados, apenas vestu\u00e1rio apresentou queda em dezembro: -0,44%. Outros itens que contribu\u00edram para a acelera\u00e7\u00e3o da pr\u00e9via da infla\u00e7\u00e3o vieram do grupo Habita\u00e7\u00e3o, que teve a segunda maior varia\u00e7\u00e3o (0,15%), contribuindo 0,23% no \u00edndice de dezembro. A principal influ\u00eancia veio da alta na energia el\u00e9trica (4,08%), puxada pela volta da bandeira vermelha. As taxas de \u00e1gua e esgoto (3,04%) tamb\u00e9m pesaram no bolso do consumidor.<\/p>\n<p>O aumento dos pre\u00e7os dos itens de transportes tamb\u00e9m pesou para o brasileiro em dezembro. Os principais produtos que ficaram mais caros foram as passagens a\u00e9reas (28,31%), gasolina (2,19%) e o etanol (4,08%).<\/p>\n<p>Conforme o IBGE, todas as regi\u00f5es pesquisadas apresentaram alta, sendo o menor resultado registrado por Bras\u00edlia (0,65%), principalmente em fun\u00e7\u00e3o da queda de 0,62% nos pre\u00e7os da gasolina, e o maior em Porto Alegre (1,53%), por conta das altas em energia el\u00e9trica (6,05%) e carnes (6,89%).<\/p>\n<h4><strong>Sobre a pesquisa<\/strong><\/h4>\n<p>Para o c\u00e1lculo do IPCA-15, o IBGE coletou os pre\u00e7os dos produtos entre os dias 13 de novembro e 11 dezembro comparou com os vigentes de 14 de outubro a 12 de novembro.<\/p>\n<p>O indicador considera o impacto dos pre\u00e7os \u00e0s fam\u00edlias com rendimento de um a 40 sal\u00e1rios m\u00ednimos e abrange as regi\u00f5es metropolitanas do Rio de Janeiro, Porto Alegre, Belo Horizonte, Recife, S\u00e3o Paulo, Bel\u00e9m, Fortaleza, Salvador e Curitiba, al\u00e9m de Bras\u00edlia e do munic\u00edpio de Goi\u00e2nia. A metodologia utilizada \u00e9 a mesma do IPCA, a diferen\u00e7a est\u00e1 no per\u00edodo de coleta dos pre\u00e7os e na abrang\u00eancia geogr\u00e1fica.<\/p>\n<p>&nbsp;<\/p>\n<p><em>*Correio do Povo&nbsp;<\/em><\/p>","protected":false},"excerpt":{"rendered":"<p>A pr\u00e9via da infla\u00e7\u00e3o atingiu o maior n\u00edvel em 30 meses, de acordo com o \u00cdndice Nacional de Pre\u00e7os ao Consumidor Amplo 15 (IPCA-15), divulgado pelo IBGE nesta ter\u00e7a-feira. O&#8230;<\/p>","protected":false},"author":2,"featured_media":44399,"comment_status":"open","ping_status":"closed","sticky":false,"template":"","format":"standard","meta":{"ngg_post_thumbnail":0,"footnotes":""},"categories":[33],"tags":[5149,1126,1127],"class_list":["post-44397","post","type-post","status-publish","format-standard","has-post-thumbnail","hentry","category-noticias","tag-aumentodosprecos","tag-inflacao","tag-ipca"],"amp_enabled":true,"_links":{"self":[{"href":"https:\/\/www2.comunitaria.com.br\/en\/wp-json\/wp\/v2\/posts\/44397","targetHints":{"allow":["GET"]}}],"collection":[{"href":"https:\/\/www2.comunitaria.com.br\/en\/wp-json\/wp\/v2\/posts"}],"about":[{"href":"https:\/\/www2.comunitaria.com.br\/en\/wp-json\/wp\/v2\/types\/post"}],"author":[{"embeddable":true,"href":"https:\/\/www2.comunitaria.com.br\/en\/wp-json\/wp\/v2\/users\/2"}],"replies":[{"embeddable":true,"href":"https:\/\/www2.comunitaria.com.br\/en\/wp-json\/wp\/v2\/comments?post=44397"}],"version-history":[{"count":0,"href":"https:\/\/www2.comunitaria.com.br\/en\/wp-json\/wp\/v2\/posts\/44397\/revisions"}],"wp:featuredmedia":[{"embeddable":true,"href":"https:\/\/www2.comunitaria.com.br\/en\/wp-json\/wp\/v2\/media\/44399"}],"wp:attachment":[{"href":"https:\/\/www2.comunitaria.com.br\/en\/wp-json\/wp\/v2\/media?parent=44397"}],"wp:term":[{"taxonomy":"category","embeddable":true,"href":"https:\/\/www2.comunitaria.com.br\/en\/wp-json\/wp\/v2\/categories?post=44397"},{"taxonomy":"post_tag","embeddable":true,"href":"https:\/\/www2.comunitaria.com.br\/en\/wp-json\/wp\/v2\/tags?post=44397"}],"curies":[{"name":"wp","href":"https:\/\/api.w.org\/{rel}","templated":true}]}}