{"id":44394,"date":"2020-12-22T16:05:48","date_gmt":"2020-12-22T18:05:48","guid":{"rendered":"http:\/\/www2.comunitaria.com.br\/?p=44394"},"modified":"2020-12-22T16:05:48","modified_gmt":"2020-12-22T18:05:48","slug":"natal-sem-fome-mst-doa-12-toneladas-de-alimentos-na-periferia-de-porto-alegre","status":"publish","type":"post","link":"https:\/\/www2.comunitaria.com.br\/en\/natal-sem-fome-mst-doa-12-toneladas-de-alimentos-na-periferia-de-porto-alegre\/","title":{"rendered":"&#8220;Natal sem fome&#8221;: MST doa 12 toneladas de alimentos na periferia de Porto Alegre"},"content":{"rendered":"<p>Na semana que antecede o Natal, assentados e cooperativas do Movimento dos Trabalhadores Rurais Sem Terra (MST) entregaram a fam\u00edlias da periferia de Porto Alegre cerca de 12 toneladas de produtos da Reforma Agr\u00e1ria,&nbsp;al\u00e9m de&nbsp;50 caixas de hortali\u00e7as org\u00e2nicas.<\/p>\n<p>A a\u00e7\u00e3o faz parte da campanha &#8220;Natal Sem Fome&#8221;. O MST do Rio Grande do Sul contou com a parceria da&nbsp;Periferia Viva, Conselho Nacional de Seguran\u00e7a Alimentar e Nutricional (Consea), A\u00e7\u00e3o da Cidadania, Uni\u00e3o de Vilas e Comit\u00ea de Combate \u00e0 Fome.<\/p>\n<p><em>\u201cEssa a\u00e7\u00e3o tem o intuito de garantir o alimento na mesa do trabalhador da periferia neste natal. Estamos antecipando a entrega, pois entendemos a import\u00e2ncia dessas fam\u00edlias terem comida em suas mesas tamb\u00e9m em \u00e9pocas festivas\u201d,<\/em> relata Ger\u00f4nimo da Silva, da Dire\u00e7\u00e3o Estadual do MST\/RS e da Periferia Viva, que explica que&nbsp;as entregas seguir\u00e3o at\u00e9 o dia 25.<\/p>\n<p>Na sexta-feira,18, foram entregue 600 kits para a A\u00e7\u00e3o da Cidadania, no bairro Rubem Berta; ao Comit\u00ea de Combate \u00e0 Fome, na Lomba do Pinheiro; Uni\u00e3o de Vilas e Associa\u00e7\u00e3o das Mulheres Solid\u00e1rias da Vila Cruzeiro (ASSUME-SOL), na Grande Cruzeiro; Quilombo dos Alpes e comunidades ind\u00edgenas de Porto Alegre e S\u00e3o Leopoldo. Essas entidades distribuir\u00e3o os alimentos entre as fam\u00edlias que mais necessitam.<\/p>\n<p>Em cada kit tem arroz org\u00e2nico, feij\u00e3o, macarr\u00e3o, leite em p\u00f3, suco org\u00e2nico, mel e hortifrutis, como alface, couve, pepino, tomate e espinafre.<\/p>\n<p class=\"ckeditor-subtitle\"><strong>&#8220;Pequena retribui\u00e7\u00e3o&#8221;<\/strong><\/p>\n<p>Marildo Mulinari, um dos assentados que contribuiu com seus produtos nessa doa\u00e7\u00e3o, fala sobre a relev\u00e2ncia da campanha em tempos de pandemia, exclus\u00e3o social e desemprego no pa\u00eds<em>. \u201c\u00c9 uma pequena retribui\u00e7\u00e3o de n\u00f3s Sem Terra aos companheiros urbanos da favela e da cidade.&#8221;<\/em><\/p>\n<p><em>&#8220;A Reforma Agr\u00e1ria \u00e9 uma luta que s\u00f3 conquistou a terra e a possibilidade de produzir alimentos saud\u00e1veis atrav\u00e9s do apoio da popula\u00e7\u00e3o. Ent\u00e3o \u00e9 a nossa obriga\u00e7\u00e3o retribuir esse apoio\u201d, s<\/em>alienta o campon\u00eas.<\/p>\n<p>&nbsp;<\/p>\n<p><em>*Brasil de Fato<\/em><\/p>","protected":false},"excerpt":{"rendered":"<p>Na semana que antecede o Natal, assentados e cooperativas do Movimento dos Trabalhadores Rurais Sem Terra (MST) entregaram a fam\u00edlias da periferia de Porto Alegre cerca de 12 toneladas de&#8230;<\/p>","protected":false},"author":2,"featured_media":44396,"comment_status":"open","ping_status":"closed","sticky":false,"template":"","format":"standard","meta":{"ngg_post_thumbnail":0,"footnotes":""},"categories":[33],"tags":[416,5147,5148],"class_list":["post-44394","post","type-post","status-publish","format-standard","has-post-thumbnail","hentry","category-noticias","tag-doacoes","tag-mst","tag-reformaagraria"],"amp_enabled":true,"_links":{"self":[{"href":"https:\/\/www2.comunitaria.com.br\/en\/wp-json\/wp\/v2\/posts\/44394","targetHints":{"allow":["GET"]}}],"collection":[{"href":"https:\/\/www2.comunitaria.com.br\/en\/wp-json\/wp\/v2\/posts"}],"about":[{"href":"https:\/\/www2.comunitaria.com.br\/en\/wp-json\/wp\/v2\/types\/post"}],"author":[{"embeddable":true,"href":"https:\/\/www2.comunitaria.com.br\/en\/wp-json\/wp\/v2\/users\/2"}],"replies":[{"embeddable":true,"href":"https:\/\/www2.comunitaria.com.br\/en\/wp-json\/wp\/v2\/comments?post=44394"}],"version-history":[{"count":0,"href":"https:\/\/www2.comunitaria.com.br\/en\/wp-json\/wp\/v2\/posts\/44394\/revisions"}],"wp:featuredmedia":[{"embeddable":true,"href":"https:\/\/www2.comunitaria.com.br\/en\/wp-json\/wp\/v2\/media\/44396"}],"wp:attachment":[{"href":"https:\/\/www2.comunitaria.com.br\/en\/wp-json\/wp\/v2\/media?parent=44394"}],"wp:term":[{"taxonomy":"category","embeddable":true,"href":"https:\/\/www2.comunitaria.com.br\/en\/wp-json\/wp\/v2\/categories?post=44394"},{"taxonomy":"post_tag","embeddable":true,"href":"https:\/\/www2.comunitaria.com.br\/en\/wp-json\/wp\/v2\/tags?post=44394"}],"curies":[{"name":"wp","href":"https:\/\/api.w.org\/{rel}","templated":true}]}}