{"id":44303,"date":"2020-12-18T13:29:52","date_gmt":"2020-12-18T15:29:52","guid":{"rendered":"http:\/\/www2.comunitaria.com.br\/?p=44303"},"modified":"2020-12-18T13:29:52","modified_gmt":"2020-12-18T15:29:52","slug":"governo-brasileiro-passa-a-exigir-teste-de-covid-19-negativo-para-entrar-no-pais","status":"publish","type":"post","link":"https:\/\/www2.comunitaria.com.br\/en\/governo-brasileiro-passa-a-exigir-teste-de-covid-19-negativo-para-entrar-no-pais\/","title":{"rendered":"Governo brasileiro passa a exigir teste de Covid-19 negativo para entrar no Pa\u00eds"},"content":{"rendered":"<p>Brasileiros e estrangeiros que desejam ingressar no Brasil ter\u00e3o de apresentar o teste negativo para Covid-19. A medida, que consta em uma portaria publicada nessa quinta-feira, 17, come\u00e7a a valer a partir de 30 de dezembro. O documento, inclusive, indica que o exame dever\u00e1 ser feito nas 72 horas que antecedem o embarque para solo brasileiro.&nbsp;<\/p>\n<p>A portaria 630, assinada pela Casa Civil, refor\u00e7a a proibi\u00e7\u00e3o da entrada de estrangeiros no Pa\u00eds por via terrestre ou aquavi\u00e1ria. A exce\u00e7\u00e3o para cidad\u00e3os da Venezuela. Al\u00e9m do exame negativo, os viajantes ser\u00e3o obrigados a preencher uma Declara\u00e7\u00e3o de Sa\u00fade em que concordam com as medidas sanit\u00e1rias que dever\u00e3o ser cumpridas durante o per\u00edodo que estiver no Brasil. A portaria, no entanto, n\u00e3o define quais s\u00e3o essas medidas.<\/p>\n<p>Quem descumprir a determina\u00e7\u00e3o do governo estar\u00e1 sujeito a ser responsabilizado nas formas civil, administrativa e penal. O infrator tamb\u00e9m poder\u00e1 ser deportado ou repatriado de maneira imediata e, se for o caso, poder\u00e1 ter o pedido de ref\u00fagio inabilitado.&nbsp;<\/p>\n<p><em>*Correio do Povo&nbsp;<\/em><\/p>","protected":false},"excerpt":{"rendered":"<p>Brasileiros e estrangeiros que desejam ingressar no Brasil ter\u00e3o de apresentar o teste negativo para Covid-19. A medida, que consta em uma portaria publicada nessa quinta-feira, 17, come\u00e7a a valer a partir de 30 de dezembro. O documento, inclusive, indica que o exame dever\u00e1 ser feito nas 72 horas que antecedem o embarque para solo<\/p>\n<div class=\"read-more-wrapper\"><a class=\"read-more\" href=\"https:\/\/www2.comunitaria.com.br\/en\/governo-brasileiro-passa-a-exigir-teste-de-covid-19-negativo-para-entrar-no-pais\/\" title=\"Read More\"> <span class=\"button\">Read More<\/span><\/a><\/div>","protected":false},"author":2,"featured_media":44305,"comment_status":"open","ping_status":"closed","sticky":false,"template":"","format":"standard","meta":{"ngg_post_thumbnail":0,"footnotes":""},"categories":[33],"tags":[4715,4632,5117,4655,5118],"class_list":["post-44303","post","type-post","status-publish","format-standard","has-post-thumbnail","hentry","category-noticias","tag-brasileiros","tag-covid-19","tag-estrangeirosnobrasil","tag-radiocomunitariafw","tag-testedacovid-19"],"amp_enabled":true,"_links":{"self":[{"href":"https:\/\/www2.comunitaria.com.br\/en\/wp-json\/wp\/v2\/posts\/44303","targetHints":{"allow":["GET"]}}],"collection":[{"href":"https:\/\/www2.comunitaria.com.br\/en\/wp-json\/wp\/v2\/posts"}],"about":[{"href":"https:\/\/www2.comunitaria.com.br\/en\/wp-json\/wp\/v2\/types\/post"}],"author":[{"embeddable":true,"href":"https:\/\/www2.comunitaria.com.br\/en\/wp-json\/wp\/v2\/users\/2"}],"replies":[{"embeddable":true,"href":"https:\/\/www2.comunitaria.com.br\/en\/wp-json\/wp\/v2\/comments?post=44303"}],"version-history":[{"count":0,"href":"https:\/\/www2.comunitaria.com.br\/en\/wp-json\/wp\/v2\/posts\/44303\/revisions"}],"wp:featuredmedia":[{"embeddable":true,"href":"https:\/\/www2.comunitaria.com.br\/en\/wp-json\/wp\/v2\/media\/44305"}],"wp:attachment":[{"href":"https:\/\/www2.comunitaria.com.br\/en\/wp-json\/wp\/v2\/media?parent=44303"}],"wp:term":[{"taxonomy":"category","embeddable":true,"href":"https:\/\/www2.comunitaria.com.br\/en\/wp-json\/wp\/v2\/categories?post=44303"},{"taxonomy":"post_tag","embeddable":true,"href":"https:\/\/www2.comunitaria.com.br\/en\/wp-json\/wp\/v2\/tags?post=44303"}],"curies":[{"name":"wp","href":"https:\/\/api.w.org\/{rel}","templated":true}]}}