{"id":44300,"date":"2020-12-18T13:13:29","date_gmt":"2020-12-18T15:13:29","guid":{"rendered":"http:\/\/www2.comunitaria.com.br\/?p=44300"},"modified":"2020-12-18T13:13:29","modified_gmt":"2020-12-18T15:13:29","slug":"conselho-municipal-de-cultura-apresenta-nova-identidade-visual","status":"publish","type":"post","link":"https:\/\/www2.comunitaria.com.br\/en\/conselho-municipal-de-cultura-apresenta-nova-identidade-visual\/","title":{"rendered":"Conselho Municipal de Cultura apresenta nova identidade visual"},"content":{"rendered":"<p><span style=\"font-weight: 400;\">O Conselho Municipal de Cultura surgiu h\u00e1 5 anos com o objetivo de fomentar pol\u00edticas p\u00fablicas que incentivem e desenvolvam a cultura. Ele tem como principal atribui\u00e7\u00e3o atuar, elaborar, fiscalizar e avaliar as pol\u00edticas p\u00fablicas de cultura elaborados no Plano Municipal de Cultura<\/span><\/p>\n<p><span style=\"font-weight: 400;\">Para a presidente do conselho Eloisa Sampaio, apresentar a logomarca e das redes sociais \u00e9 um divisor de \u00e1gua no que se trata de cultura em Frederico Westphalen <em>\u201cpor que abre uma canais de comunica\u00e7\u00e3o da comunidade, principalmente da comunidade art\u00edstica e cultura com o conselho, que \u00e9 um \u00f3rg\u00e3o representativo desta classe\u201d.&nbsp;<\/em><\/span><\/p>\n<p><span style=\"font-weight: 400;\">Eloisa ainda refor\u00e7a que o conselho \u00e9 a ponte entre o poder p\u00fablico e a sociedade civil, tanto que a composi\u00e7\u00e3o dos membros \u00e9 parit\u00e1ria entre membros governamentais e da civis. \u201c\u00c9 importante que as pessoas se sintam representadas pelo conselho e que elas tem vez neste lugar, por isso \u00e9 t\u00e3o importante a cria\u00e7\u00e3o das redes sociais do conselho\u201d ressalta a presidente.<\/span><\/p>\n<p><strong>A LOGOMARCA<\/strong><\/p>\n<p><span style=\"font-weight: 400;\">A logomarca foi desenvolvida pela ag\u00eancia B2M que buscou inspira\u00e7\u00e3o nos objetivos do conselho, no significa a cultura e todos os seus legados.<\/span><\/p>\n<p><span style=\"font-weight: 400;\">Os Cs, com recortes representam o movimento e a conex\u00e3o de ideias e pensamentos. <\/span><span style=\"font-weight: 400;\">A letra M representa a uni\u00e3o de 2 pessoas, ent\u00e3o a logomarca significa o movimento que a cultura provoca na vida e no cotidiano das pessoas.<\/span><\/p>\n<p><strong>As Cores&nbsp;<\/strong><\/p>\n<p><span style=\"font-weight: 400;\">O Roxo \u00e9 a cor da sabedoria e do sucesso. Est\u00e1 ligada a criatividade, t\u00e3o natural nas representa\u00e7\u00f5es culturais.<\/span><\/p>\n<p><span style=\"font-weight: 400;\">O Azul \u00e9 a cor da calma, da confian\u00e7a e da seguran\u00e7a. Aumenta a criatividade, a contempla\u00e7\u00e3o e a espiritualidade.<\/span><\/p>\n<p><span style=\"font-weight: 400;\">E a cor cinza \u00e9 neutralidade. \u00c9 uma cor imparcial e que sozinha fica sem emo\u00e7\u00e3o e precisa ser combinada com outras cores para dar vida \u00e0s composi\u00e7\u00f5es, assim como o conselho que precisa de participa\u00e7\u00e3o para dar voz a todas as culturas.<\/span><\/p>\n<p><span style=\"font-weight: 400;\">Conselho Municipal de Cultura! Conectando cultura. Transformando Realidades!<\/span><\/p>\n<p><b>Redes Sociais:&nbsp;<\/b><\/p>\n<p><span style=\"font-weight: 400;\">Instagram: <\/span><a href=\"http:\/\/instagram.com\/conselhomunicipaldeculturafw\"><span style=\"font-weight: 400;\">http:\/\/instagram.com\/conselhomunicipaldeculturafw<\/span><\/a><\/p>\n<p><span style=\"font-weight: 400;\">Facebook: <\/span><a href=\"https:\/\/www.facebook.com\/cmcfw\"><span style=\"font-weight: 400;\">https:\/\/www.facebook.com\/cmcfw<\/span><\/a><\/p>\n<p><em>*ASCOM&nbsp;<\/em><\/p>","protected":false},"excerpt":{"rendered":"<p>O Conselho Municipal de Cultura surgiu h\u00e1 5 anos com o objetivo de fomentar pol\u00edticas p\u00fablicas que incentivem e desenvolvam a cultura. Ele tem como principal atribui\u00e7\u00e3o atuar, elaborar, fiscalizar e avaliar as pol\u00edticas p\u00fablicas de cultura elaborados no Plano Municipal de Cultura Para a presidente do conselho Eloisa Sampaio, apresentar a logomarca e das<\/p>\n<div class=\"read-more-wrapper\"><a class=\"read-more\" href=\"https:\/\/www2.comunitaria.com.br\/en\/conselho-municipal-de-cultura-apresenta-nova-identidade-visual\/\" title=\"Read More\"> <span class=\"button\">Read More<\/span><\/a><\/div>","protected":false},"author":2,"featured_media":44302,"comment_status":"open","ping_status":"closed","sticky":false,"template":"","format":"standard","meta":{"ngg_post_thumbnail":0,"footnotes":""},"categories":[33],"tags":[4666,5114,1001,4638,5115,5116],"class_list":["post-44300","post","type-post","status-publish","format-standard","has-post-thumbnail","hentry","category-noticias","tag-comunitariafw","tag-conselhomunicipaldecultura","tag-cultura","tag-fredericowestphalen","tag-identidadevisual","tag-radicomunitariafw"],"amp_enabled":true,"_links":{"self":[{"href":"https:\/\/www2.comunitaria.com.br\/en\/wp-json\/wp\/v2\/posts\/44300","targetHints":{"allow":["GET"]}}],"collection":[{"href":"https:\/\/www2.comunitaria.com.br\/en\/wp-json\/wp\/v2\/posts"}],"about":[{"href":"https:\/\/www2.comunitaria.com.br\/en\/wp-json\/wp\/v2\/types\/post"}],"author":[{"embeddable":true,"href":"https:\/\/www2.comunitaria.com.br\/en\/wp-json\/wp\/v2\/users\/2"}],"replies":[{"embeddable":true,"href":"https:\/\/www2.comunitaria.com.br\/en\/wp-json\/wp\/v2\/comments?post=44300"}],"version-history":[{"count":0,"href":"https:\/\/www2.comunitaria.com.br\/en\/wp-json\/wp\/v2\/posts\/44300\/revisions"}],"wp:featuredmedia":[{"embeddable":true,"href":"https:\/\/www2.comunitaria.com.br\/en\/wp-json\/wp\/v2\/media\/44302"}],"wp:attachment":[{"href":"https:\/\/www2.comunitaria.com.br\/en\/wp-json\/wp\/v2\/media?parent=44300"}],"wp:term":[{"taxonomy":"category","embeddable":true,"href":"https:\/\/www2.comunitaria.com.br\/en\/wp-json\/wp\/v2\/categories?post=44300"},{"taxonomy":"post_tag","embeddable":true,"href":"https:\/\/www2.comunitaria.com.br\/en\/wp-json\/wp\/v2\/tags?post=44300"}],"curies":[{"name":"wp","href":"https:\/\/api.w.org\/{rel}","templated":true}]}}