{"id":44223,"date":"2020-12-15T13:32:06","date_gmt":"2020-12-15T15:32:06","guid":{"rendered":"http:\/\/www2.comunitaria.com.br\/?p=44223"},"modified":"2020-12-15T13:32:06","modified_gmt":"2020-12-15T15:32:06","slug":"regioes-de-bage-e-pelotas-permanecem-em-bandeira-preta","status":"publish","type":"post","link":"https:\/\/www2.comunitaria.com.br\/en\/regioes-de-bage-e-pelotas-permanecem-em-bandeira-preta\/","title":{"rendered":"Regi\u00f5es de Bag\u00e9 e Pelotas permanecem em bandeira preta"},"content":{"rendered":"<p>As regi\u00f5es de Bag\u00e9 e Pelotas, representando 28 munic\u00edpios, ficar\u00e3o na bandeira preta na 32\u00aa rodada do Distanciamento Controlado, conforme divulgou o governo do Rio Grande do Sul na tarde desta segunda-feira,14. O Gabinete de Crise indeferiu todos os pedidos de reconsidera\u00e7\u00e3o feitos por associa\u00e7\u00f5es regionais e munic\u00edpios principalmente devido \u00e0 constante redu\u00e7\u00e3o de leitos de UTI livres. No caso de Pelotas, a solicita\u00e7\u00e3o havia sido enviada pela associa\u00e7\u00e3o regional, enquanto em Bag\u00e9 foi pelo munic\u00edpio.<\/p>\n<p>Conforme a classifica\u00e7\u00e3o, a bandeira preta \u00e9 a restri\u00e7\u00e3o m\u00e1xima prevista pelo modelo de gest\u00e3o, j\u00e1 que que tanto a capacidade hospitalar quanto o cont\u00e1gio da doen\u00e7a alcan\u00e7aram n\u00edveis cr\u00edticos nestas duas \u00e1reas, e significa que ambas possuem risco epidemiol\u00f3gico alt\u00edssimo para o cont\u00e1gio do novo coronav\u00edrus. Assim como no mapa preliminar, esta \u00e9 a primeira vez que o mapa definitivo&nbsp;<strong>tem a bandeira preta<\/strong>.&nbsp;<\/p>\n<p>J\u00e1 o restante do Rio Grande do Sul fica com 18 bandeiras vermelhas &#8211; Porto Alegre, Gua\u00edba, Cachoeira do Sul, Canoas, Cap\u00e3o da Canoa, Caxias do Sul, Erechim, Iju\u00ed, Lajeado, Novo Hamburgo, Palmeira das Miss\u00f5es, Passo Fundo, Santa Cruz do Sul, Santa Maria, Santa Rosa, Santo \u00c2ngelo, Taquara e Uruguaiana &#8211; e uma em laranja, que \u00e9 a regi\u00e3o de Cruz Alta.&nbsp;<\/p>\n<p>As regras da 32\u00aa rodada do Distanciamento Controlado entram em vigor na meia-noite desta ter\u00e7a-feira e seguem valendo at\u00e9 a pr\u00f3xima segunda-feira, 21 de dezembro.&nbsp;<\/p>\n<p>&nbsp;<\/p>\n<p><em>*Correio do Povo<\/em><\/p>","protected":false},"excerpt":{"rendered":"<p>As regi\u00f5es de Bag\u00e9 e Pelotas, representando 28 munic\u00edpios, ficar\u00e3o na bandeira preta na 32\u00aa rodada do Distanciamento Controlado, conforme divulgou o governo do Rio Grande do Sul na tarde desta segunda-feira,14. O Gabinete de Crise indeferiu todos os pedidos de reconsidera\u00e7\u00e3o feitos por associa\u00e7\u00f5es regionais e munic\u00edpios principalmente devido \u00e0 constante redu\u00e7\u00e3o de leitos<\/p>\n<div class=\"read-more-wrapper\"><a class=\"read-more\" href=\"https:\/\/www2.comunitaria.com.br\/en\/regioes-de-bage-e-pelotas-permanecem-em-bandeira-preta\/\" title=\"Read More\"> <span class=\"button\">Read More<\/span><\/a><\/div>","protected":false},"author":2,"featured_media":44226,"comment_status":"open","ping_status":"closed","sticky":false,"template":"","format":"standard","meta":{"ngg_post_thumbnail":0,"footnotes":""},"categories":[33],"tags":[5089,4864,4923,4934,4655],"class_list":["post-44223","post","type-post","status-publish","format-standard","has-post-thumbnail","hentry","category-noticias","tag-bandeirapreta","tag-distanciamentocontrolado","tag-governodoriograndedosul","tag-modelodedistanciamentocontrolado","tag-radiocomunitariafw"],"amp_enabled":true,"_links":{"self":[{"href":"https:\/\/www2.comunitaria.com.br\/en\/wp-json\/wp\/v2\/posts\/44223","targetHints":{"allow":["GET"]}}],"collection":[{"href":"https:\/\/www2.comunitaria.com.br\/en\/wp-json\/wp\/v2\/posts"}],"about":[{"href":"https:\/\/www2.comunitaria.com.br\/en\/wp-json\/wp\/v2\/types\/post"}],"author":[{"embeddable":true,"href":"https:\/\/www2.comunitaria.com.br\/en\/wp-json\/wp\/v2\/users\/2"}],"replies":[{"embeddable":true,"href":"https:\/\/www2.comunitaria.com.br\/en\/wp-json\/wp\/v2\/comments?post=44223"}],"version-history":[{"count":0,"href":"https:\/\/www2.comunitaria.com.br\/en\/wp-json\/wp\/v2\/posts\/44223\/revisions"}],"wp:featuredmedia":[{"embeddable":true,"href":"https:\/\/www2.comunitaria.com.br\/en\/wp-json\/wp\/v2\/media\/44226"}],"wp:attachment":[{"href":"https:\/\/www2.comunitaria.com.br\/en\/wp-json\/wp\/v2\/media?parent=44223"}],"wp:term":[{"taxonomy":"category","embeddable":true,"href":"https:\/\/www2.comunitaria.com.br\/en\/wp-json\/wp\/v2\/categories?post=44223"},{"taxonomy":"post_tag","embeddable":true,"href":"https:\/\/www2.comunitaria.com.br\/en\/wp-json\/wp\/v2\/tags?post=44223"}],"curies":[{"name":"wp","href":"https:\/\/api.w.org\/{rel}","templated":true}]}}