{"id":44116,"date":"2020-12-10T14:15:47","date_gmt":"2020-12-10T16:15:47","guid":{"rendered":"http:\/\/www2.comunitaria.com.br\/?p=44116"},"modified":"2020-12-10T14:15:47","modified_gmt":"2020-12-10T16:15:47","slug":"ministerio-da-saude-confirma-primeiro-caso-de-reinfeccao-por-coronavirus-no-pais","status":"publish","type":"post","link":"https:\/\/www2.comunitaria.com.br\/en\/ministerio-da-saude-confirma-primeiro-caso-de-reinfeccao-por-coronavirus-no-pais\/","title":{"rendered":"Minist\u00e9rio da Sa\u00fade confirma primeiro caso de reinfec\u00e7\u00e3o por coronav\u00edrus no pa\u00eds"},"content":{"rendered":"<p class=\"container-titulo-bold-artigo\">O Minist\u00e9rio da Sa\u00fade confirmou nesta quinta-feira,10, o primeiro caso de<b>&nbsp;reinfec\u00e7\u00e3o por Covid-19 no Brasil.<\/b>&nbsp;Segundo a pasta, o diagn\u00f3stico ocorreu em uma profissional da \u00e1rea de sa\u00fade, de 37 anos, residente em Natal, no Rio Grande do Norte. Ela teve a doen\u00e7a em junho, se curou e teve o resultado positivo novamente diagnosticado em outubro, 116 dias ap\u00f3s o primeiro diagn\u00f3stico.<\/p>\n<p>Em nota, o Minist\u00e9rio disse que recebeu, na quarta-feira, um relat\u00f3rio do Laborat\u00f3rio de V\u00edrus Respirat\u00f3rios e do Sarampo da Fiocruz\/RJ, refer\u00eancia nacional para a Covid-19 no Brasil, com os resultados laboratoriais de duas amostras cl\u00ednicas de, at\u00e9 ent\u00e3o, um caso suspeito de reinfec\u00e7\u00e3o da doen\u00e7a pelo coronav\u00edrus.<b><\/b><\/p>\n<p>Ap\u00f3s an\u00e1lise das duas amostras enviadas ao laborat\u00f3rio houve a confirma\u00e7\u00e3o dos resultados via metodologia de RT-PCR em tempo real. &#8220;As an\u00e1lises realizadas permitem confirmar a reinfec\u00e7\u00e3o pelo v\u00edrus SARS-CoV-2, ap\u00f3s sequenciamento do genoma completo viral que identificou duas linhagens distintas&#8221;, disse o MS por meio de nota.<\/p>\n<p>O minist\u00e9rio disse ainda que o resultado refor\u00e7a a necessidade da ado\u00e7\u00e3o do uso cont\u00ednuo de m\u00e1scaras, higieniza\u00e7\u00e3o constante das m\u00e3os e o uso de \u00e1lcool em gel.<\/p>\n<p>&nbsp;<\/p>\n<p><em>*Ag\u00eancia Brasil<\/em><\/p>","protected":false},"excerpt":{"rendered":"<p>O Minist\u00e9rio da Sa\u00fade confirmou nesta quinta-feira,10, o primeiro caso de&nbsp;reinfec\u00e7\u00e3o por Covid-19 no Brasil.&nbsp;Segundo a pasta, o diagn\u00f3stico ocorreu em uma profissional da \u00e1rea de sa\u00fade, de 37 anos,&#8230;<\/p>","protected":false},"author":2,"featured_media":44118,"comment_status":"open","ping_status":"closed","sticky":false,"template":"","format":"standard","meta":{"ngg_post_thumbnail":0,"footnotes":""},"categories":[28,33],"tags":[4567,4632,4641],"class_list":["post-44116","post","type-post","status-publish","format-standard","has-post-thumbnail","hentry","category-destaque","category-noticias","tag-coronavirus","tag-covid-19","tag-pandemia"],"amp_enabled":true,"_links":{"self":[{"href":"https:\/\/www2.comunitaria.com.br\/en\/wp-json\/wp\/v2\/posts\/44116","targetHints":{"allow":["GET"]}}],"collection":[{"href":"https:\/\/www2.comunitaria.com.br\/en\/wp-json\/wp\/v2\/posts"}],"about":[{"href":"https:\/\/www2.comunitaria.com.br\/en\/wp-json\/wp\/v2\/types\/post"}],"author":[{"embeddable":true,"href":"https:\/\/www2.comunitaria.com.br\/en\/wp-json\/wp\/v2\/users\/2"}],"replies":[{"embeddable":true,"href":"https:\/\/www2.comunitaria.com.br\/en\/wp-json\/wp\/v2\/comments?post=44116"}],"version-history":[{"count":0,"href":"https:\/\/www2.comunitaria.com.br\/en\/wp-json\/wp\/v2\/posts\/44116\/revisions"}],"wp:featuredmedia":[{"embeddable":true,"href":"https:\/\/www2.comunitaria.com.br\/en\/wp-json\/wp\/v2\/media\/44118"}],"wp:attachment":[{"href":"https:\/\/www2.comunitaria.com.br\/en\/wp-json\/wp\/v2\/media?parent=44116"}],"wp:term":[{"taxonomy":"category","embeddable":true,"href":"https:\/\/www2.comunitaria.com.br\/en\/wp-json\/wp\/v2\/categories?post=44116"},{"taxonomy":"post_tag","embeddable":true,"href":"https:\/\/www2.comunitaria.com.br\/en\/wp-json\/wp\/v2\/tags?post=44116"}],"curies":[{"name":"wp","href":"https:\/\/api.w.org\/{rel}","templated":true}]}}