{"id":44068,"date":"2020-12-08T14:27:54","date_gmt":"2020-12-08T16:27:54","guid":{"rendered":"http:\/\/www2.comunitaria.com.br\/?p=44068"},"modified":"2020-12-08T14:27:54","modified_gmt":"2020-12-08T16:27:54","slug":"covid-escala-e-brasil-volta-aos-piores-registros-de-novos-infectados-por-semana","status":"publish","type":"post","link":"https:\/\/www2.comunitaria.com.br\/en\/covid-escala-e-brasil-volta-aos-piores-registros-de-novos-infectados-por-semana\/","title":{"rendered":"Covid escala e Brasil volta aos piores registros de novos infectados por semana"},"content":{"rendered":"<p>O n\u00famero&nbsp;de novos pacientes infectados pela covid-19 no Brasil deu um salto e encerrou a primeira semana de dezembro pr\u00f3ximo ao patamar de 300 mil. Segundo o&nbsp;Conselho Nacional de Secret\u00e1rios de Sa\u00fade (Conass), entre os dias 29 de novembro e 5 de dezembro, o total de pessoas que receberam a confirma\u00e7\u00e3o de que est\u00e3o contaminadas chegou a 286.905. Esse \u00e9 o resultado mais grave registrado em quase quatro meses.<\/p>\n<p>At\u00e9 hoje, o pa\u00eds s\u00f3 registou cen\u00e1rio mais negativo que esse no m\u00eas de julho, quando foram observadas quatro semanas consecutivas em que a soma de contaminados ultrapassou 300 mil. Al\u00e9m disso, os dados consolidados do \u00faltimo per\u00edodo representam a quinta alta seguida, ap\u00f3s menos de dois meses de relativa queda.<\/p>\n<p>O total de mortes tamb\u00e9m vem crescendo consecutivamente desde 15 de novembro. Na semana passada, o n\u00famero de \u00f3bitos&nbsp;chegou a 4.067, pior resultado em dois meses. O coronav\u00edrus j\u00e1 custou a vida de 177.377 pessoas no Brasil, segunda na\u00e7\u00e3o do mundo com o maior registro absoluto de casos fatais.<\/p>\n<p>Ainda de acordo com os n\u00fameros do Conass, nas 24 horas entre domingo, 6, e segunda-feira,7, foram registradas 376 mortes. No mesmo per\u00edodo, houve 20.371 novos infectados. O n\u00famero de pessoas que j\u00e1 pegaram a covid-19 no pa\u00eds \u00e9 de 6.623.911. H\u00e1 mais de 650 mil pacientes em acompanhamento, pior cen\u00e1rio em tr\u00eas meses.&nbsp;<\/p>\n<p>&nbsp;<\/p>\n<p><em>*Brasil de Fato&nbsp;<\/em><\/p>","protected":false},"excerpt":{"rendered":"<p>O n\u00famero&nbsp;de novos pacientes infectados pela covid-19 no Brasil deu um salto e encerrou a primeira semana de dezembro pr\u00f3ximo ao patamar de 300 mil. Segundo o&nbsp;Conselho Nacional de Secret\u00e1rios&#8230;<\/p>","protected":false},"author":2,"featured_media":44070,"comment_status":"open","ping_status":"closed","sticky":false,"template":"","format":"standard","meta":{"ngg_post_thumbnail":0,"footnotes":""},"categories":[33],"tags":[],"class_list":["post-44068","post","type-post","status-publish","format-standard","has-post-thumbnail","hentry","category-noticias"],"amp_enabled":true,"_links":{"self":[{"href":"https:\/\/www2.comunitaria.com.br\/en\/wp-json\/wp\/v2\/posts\/44068","targetHints":{"allow":["GET"]}}],"collection":[{"href":"https:\/\/www2.comunitaria.com.br\/en\/wp-json\/wp\/v2\/posts"}],"about":[{"href":"https:\/\/www2.comunitaria.com.br\/en\/wp-json\/wp\/v2\/types\/post"}],"author":[{"embeddable":true,"href":"https:\/\/www2.comunitaria.com.br\/en\/wp-json\/wp\/v2\/users\/2"}],"replies":[{"embeddable":true,"href":"https:\/\/www2.comunitaria.com.br\/en\/wp-json\/wp\/v2\/comments?post=44068"}],"version-history":[{"count":0,"href":"https:\/\/www2.comunitaria.com.br\/en\/wp-json\/wp\/v2\/posts\/44068\/revisions"}],"wp:featuredmedia":[{"embeddable":true,"href":"https:\/\/www2.comunitaria.com.br\/en\/wp-json\/wp\/v2\/media\/44070"}],"wp:attachment":[{"href":"https:\/\/www2.comunitaria.com.br\/en\/wp-json\/wp\/v2\/media?parent=44068"}],"wp:term":[{"taxonomy":"category","embeddable":true,"href":"https:\/\/www2.comunitaria.com.br\/en\/wp-json\/wp\/v2\/categories?post=44068"},{"taxonomy":"post_tag","embeddable":true,"href":"https:\/\/www2.comunitaria.com.br\/en\/wp-json\/wp\/v2\/tags?post=44068"}],"curies":[{"name":"wp","href":"https:\/\/api.w.org\/{rel}","templated":true}]}}