{"id":44015,"date":"2020-12-04T15:41:32","date_gmt":"2020-12-04T17:41:32","guid":{"rendered":"http:\/\/www2.comunitaria.com.br\/?p=44015"},"modified":"2020-12-04T15:41:32","modified_gmt":"2020-12-04T17:41:32","slug":"mesarios-que-faltaram-ao-trabalho-nas-eleicoes-tem-ate-7-de-janeiro-para-justificar-ausencia","status":"publish","type":"post","link":"https:\/\/www2.comunitaria.com.br\/en\/mesarios-que-faltaram-ao-trabalho-nas-eleicoes-tem-ate-7-de-janeiro-para-justificar-ausencia\/","title":{"rendered":"Mes\u00e1rios que faltaram ao trabalho nas elei\u00e7\u00f5es t\u00eam at\u00e9 7 de janeiro para justificar aus\u00eancia"},"content":{"rendered":"<p>Os mes\u00e1rios que faltaram ao trabalho no segundo turno das Elei\u00e7\u00f5es Municipais de 2020 devem justificar a aus\u00eancia ao juiz da sua zona eleitoral, na p\u00e1gina do Cart\u00f3rio Eleitoral Virtual, dispon\u00edvel nos sites dos Tribunais Regionais Eleitorais (TREs). O mesmo vale para os mes\u00e1rios que abandonaram a se\u00e7\u00e3o eleitoral durante a vota\u00e7\u00e3o.<\/p>\n<p>Os mes\u00e1rios que estavam escalados, mas n\u00e3o foram trabalhar no segundo turno, devem justificar a falta at\u00e9 7 de janeiro de 2021. Para aqueles que deixaram o servi\u00e7o da se\u00e7\u00e3o eleitoral durante o dia, o prazo m\u00e1ximo para envio da justificativa j\u00e1 se encerrou na \u00faltima quarta-feira, 2.<br \/>\n&nbsp;<br \/>\nDe acordo com o C\u00f3digo Eleitoral, o mes\u00e1rio que falta \u00e0 convoca\u00e7\u00e3o tem at\u00e9 30 dias ap\u00f3s o pleito para apresentar uma justa causa o juiz eleitoral. N\u00e3o apresentar justificativa pode levar \u00e0 multa de 50% a um sal\u00e1rio m\u00ednimo.&nbsp;<\/p>\n<p>&nbsp;<\/p>\n<p><em>*Brasil&nbsp;<\/em><\/p>\n<p>Fonte: <a href=\"https:\/\/brasil61.com\/noticias\/mesarios-que-faltaram-ao-trabalho-nas-eleicoes-tem-ate-7-de-janeiro-para-justificar-ausencia-bras202881\" target=\"_blank\" rel=\"noopener noreferrer\">Brasil 61<\/a><\/p>","protected":false},"excerpt":{"rendered":"<p>Os mes\u00e1rios que faltaram ao trabalho no segundo turno das Elei\u00e7\u00f5es Municipais de 2020 devem justificar a aus\u00eancia ao juiz da sua zona eleitoral, na p\u00e1gina do Cart\u00f3rio Eleitoral Virtual,&#8230;<\/p>","protected":false},"author":2,"featured_media":44017,"comment_status":"open","ping_status":"closed","sticky":false,"template":"","format":"standard","meta":{"ngg_post_thumbnail":0,"footnotes":""},"categories":[4658,33],"tags":[4681,4928,4232,3162,4655],"class_list":["post-44015","post","type-post","status-publish","format-standard","has-post-thumbnail","hentry","category-eleicoes-2020","category-noticias","tag-eleicoes2020","tag-justicaeleitoral","tag-justificativa","tag-mesarios","tag-radiocomunitariafw"],"amp_enabled":true,"_links":{"self":[{"href":"https:\/\/www2.comunitaria.com.br\/en\/wp-json\/wp\/v2\/posts\/44015","targetHints":{"allow":["GET"]}}],"collection":[{"href":"https:\/\/www2.comunitaria.com.br\/en\/wp-json\/wp\/v2\/posts"}],"about":[{"href":"https:\/\/www2.comunitaria.com.br\/en\/wp-json\/wp\/v2\/types\/post"}],"author":[{"embeddable":true,"href":"https:\/\/www2.comunitaria.com.br\/en\/wp-json\/wp\/v2\/users\/2"}],"replies":[{"embeddable":true,"href":"https:\/\/www2.comunitaria.com.br\/en\/wp-json\/wp\/v2\/comments?post=44015"}],"version-history":[{"count":0,"href":"https:\/\/www2.comunitaria.com.br\/en\/wp-json\/wp\/v2\/posts\/44015\/revisions"}],"wp:featuredmedia":[{"embeddable":true,"href":"https:\/\/www2.comunitaria.com.br\/en\/wp-json\/wp\/v2\/media\/44017"}],"wp:attachment":[{"href":"https:\/\/www2.comunitaria.com.br\/en\/wp-json\/wp\/v2\/media?parent=44015"}],"wp:term":[{"taxonomy":"category","embeddable":true,"href":"https:\/\/www2.comunitaria.com.br\/en\/wp-json\/wp\/v2\/categories?post=44015"},{"taxonomy":"post_tag","embeddable":true,"href":"https:\/\/www2.comunitaria.com.br\/en\/wp-json\/wp\/v2\/tags?post=44015"}],"curies":[{"name":"wp","href":"https:\/\/api.w.org\/{rel}","templated":true}]}}