{"id":43963,"date":"2020-12-03T13:28:49","date_gmt":"2020-12-03T15:28:49","guid":{"rendered":"http:\/\/www2.comunitaria.com.br\/?p=43963"},"modified":"2020-12-03T13:28:49","modified_gmt":"2020-12-03T15:28:49","slug":"empresas-sao-convocadas-a-reforcarem-cuidados-contra-a-covid-19","status":"publish","type":"post","link":"https:\/\/www2.comunitaria.com.br\/en\/empresas-sao-convocadas-a-reforcarem-cuidados-contra-a-covid-19\/","title":{"rendered":"Empresas s\u00e3o convocadas a refor\u00e7arem cuidados contra a Covid-19"},"content":{"rendered":"<p><span style=\"font-weight: 400;\">Empres\u00e1rios e colaboradores das empresas locais est\u00e3o sendo convocados para redobrarem a aten\u00e7\u00e3o aos cuidados sanit\u00e1rios que devem ser adotados para a conten\u00e7\u00e3o da pandemia em Frederico Westphalen. Em reuni\u00e3o realizada entre entidades empresariais, Prefeitura e Brigada Militar na tarde da ter\u00e7a-feira, 01, a diretoria da ACIFW defendeu a perman\u00eancia do com\u00e9rcio aberto para a continuidade das atividades econ\u00f4micas, mas destacou a import\u00e2ncia da conscientiza\u00e7\u00e3o e responsabilidade n\u00e3o s\u00f3 das empresas, mas de toda a comunidade.<\/span><\/p>\n<p><span style=\"font-weight: 400;\">Segundo a vice-presidente da ACIFW, Patricia Cerutti, \u201c<em>compreendemos a situa\u00e7\u00e3o e, por isso, refor\u00e7amos o pedido para que todos os cuidados sejam retomados e fortalecidos por gestores e funcion\u00e1rios das empresas. Infelizmente, sabemos que os neg\u00f3cios ser\u00e3o os mais atingidos, novamente, caso n\u00e3o haja um controle efetivo da pandemia por toda a comunidade, prejudicando ainda mais os segmentos do com\u00e9rcio, ind\u00fastria e presta\u00e7\u00e3o de servi\u00e7o, que j\u00e1 sofreram grandes impactos negativos ao longo dos \u00faltimos meses\u201d.<\/em><\/span><\/p>\n<p><span style=\"font-weight: 400;\">Conforme informa\u00e7\u00f5es do Poder Executivo, a comunidade tem realizado diversas den\u00fancias de empresas que n\u00e3o est\u00e3o cumprindo com os protocolos, deixando de observar cuidados m\u00ednimos e simples como o uso da m\u00e1scara nos estabelecimentos e disponibiliza\u00e7\u00e3o de \u00e1lcool gel 70%. O grande aumento dos casos de Covid-19 e dos \u00edndices de ocupa\u00e7\u00e3o de leitos cl\u00ednicos e UTI na regi\u00e3o s\u00e3o preocupantes e alertam para poss\u00edveis restri\u00e7\u00f5es no funcionamento do com\u00e9rcio se a situa\u00e7\u00e3o n\u00e3o for amenizada atrav\u00e9s da conscientiza\u00e7\u00e3o de toda a comunidade, independentemente do segmento.<\/span><\/p>\n<p><b>Exames errados aumentam exposi\u00e7\u00e3o nas empresas<\/b><\/p>\n<p><span style=\"font-weight: 400;\">As lideran\u00e7as empresariais destacam o alerta feito pela Secretaria Municipal de Sa\u00fade, que aponta que muitas empresas encaminham os colaboradores para o tipo de testagem inadequada, muitas vezes levando a casos de resultado equivocado. A necessidade de n\u00e3o ficar sem o colaborador, que muitas vezes fica afastado preventivamente em situa\u00e7\u00e3o de suspeita de Covid, tem levado algumas empresas a optarem por exames com maior rapidez no resultado, mas em alguns casos n\u00e3o adequados para o est\u00e1gio da doen\u00e7a.<\/span><\/p>\n<p><span style=\"font-weight: 400;\"><em>\u201cSem d\u00favida, as empresas passaram por grandes enxugamentos de m\u00e3o de obra e, hoje, cada colaborador \u00e9 fundamental para a manuten\u00e7\u00e3o das atividades na empresa, ent\u00e3o \u00e9 um grande esfor\u00e7o que as empresas fazem em atender os protocolos e afastar o colaborador, que deve ficar recluso e respeitar o per\u00edodo at\u00e9 que o exame possa ser feito e o resultado saia\u201d<\/em>, destaca Patricia sobre a avalia\u00e7\u00e3o feita durante a reuni\u00e3o.&nbsp;<\/span><\/p>\n<p><span style=\"font-weight: 400;\">A condu\u00e7\u00e3o errada dos empregadores frente a uma possibilidade de Covid-19 pode levar ao resultado prematuro negativo de um colaborador, quando na verdade o tempo para a testagem est\u00e1 incorreto, colocando toda a equipe e familiares em risco. Por isso, refor\u00e7a-se para que as empresas busquem sempre a orienta\u00e7\u00e3o da equipe de sa\u00fade, diretamente no Posto Aires, para a condu\u00e7\u00e3o correta tanto do tipo de exame a ser feito, quanto da data para a testagem e per\u00edodo de isolamento que deve ser cumprido.<\/span><\/p>\n<p>&nbsp;<\/p>\n<p><em>*ASCOM<\/em><\/p>","protected":false},"excerpt":{"rendered":"<p>Empres\u00e1rios e colaboradores das empresas locais est\u00e3o sendo convocados para redobrarem a aten\u00e7\u00e3o aos cuidados sanit\u00e1rios que devem ser adotados para a conten\u00e7\u00e3o da pandemia em Frederico Westphalen. Em reuni\u00e3o&#8230;<\/p>","protected":false},"author":2,"featured_media":43965,"comment_status":"open","ping_status":"closed","sticky":false,"template":"","format":"standard","meta":{"ngg_post_thumbnail":0,"footnotes":""},"categories":[33],"tags":[200,4541,410,4641],"class_list":["post-43963","post","type-post","status-publish","format-standard","has-post-thumbnail","hentry","category-noticias","tag-aci","tag-acifw-2","tag-comercio","tag-pandemia"],"amp_enabled":true,"_links":{"self":[{"href":"https:\/\/www2.comunitaria.com.br\/en\/wp-json\/wp\/v2\/posts\/43963","targetHints":{"allow":["GET"]}}],"collection":[{"href":"https:\/\/www2.comunitaria.com.br\/en\/wp-json\/wp\/v2\/posts"}],"about":[{"href":"https:\/\/www2.comunitaria.com.br\/en\/wp-json\/wp\/v2\/types\/post"}],"author":[{"embeddable":true,"href":"https:\/\/www2.comunitaria.com.br\/en\/wp-json\/wp\/v2\/users\/2"}],"replies":[{"embeddable":true,"href":"https:\/\/www2.comunitaria.com.br\/en\/wp-json\/wp\/v2\/comments?post=43963"}],"version-history":[{"count":0,"href":"https:\/\/www2.comunitaria.com.br\/en\/wp-json\/wp\/v2\/posts\/43963\/revisions"}],"wp:featuredmedia":[{"embeddable":true,"href":"https:\/\/www2.comunitaria.com.br\/en\/wp-json\/wp\/v2\/media\/43965"}],"wp:attachment":[{"href":"https:\/\/www2.comunitaria.com.br\/en\/wp-json\/wp\/v2\/media?parent=43963"}],"wp:term":[{"taxonomy":"category","embeddable":true,"href":"https:\/\/www2.comunitaria.com.br\/en\/wp-json\/wp\/v2\/categories?post=43963"},{"taxonomy":"post_tag","embeddable":true,"href":"https:\/\/www2.comunitaria.com.br\/en\/wp-json\/wp\/v2\/tags?post=43963"}],"curies":[{"name":"wp","href":"https:\/\/api.w.org\/{rel}","templated":true}]}}