{"id":43930,"date":"2020-12-01T17:08:34","date_gmt":"2020-12-01T19:08:34","guid":{"rendered":"http:\/\/www2.comunitaria.com.br\/?p=43930"},"modified":"2020-12-01T17:08:34","modified_gmt":"2020-12-01T19:08:34","slug":"promenor-busca-donativos-para-cestas-de-natal","status":"publish","type":"post","link":"https:\/\/www2.comunitaria.com.br\/en\/promenor-busca-donativos-para-cestas-de-natal\/","title":{"rendered":"Promenor busca donativos para cestas de Natal"},"content":{"rendered":"<div class=\"ydpde21fcfyahoo-style-wrap\" style=\"font-size: 16px; font-family: verdana, helvetica, sans-serif;\">\n<div dir=\"ltr\" data-setdir=\"false\">\n<p class=\"ydpd275b1d7MsoNormal\">Mesmo distante dos seus assistidos durante 2020, o Promenor sempre esteve pr\u00f3ximo, dando suporte, aten\u00e7\u00e3o e tamb\u00e9m entregando cestas b\u00e1sicas para que as fam\u00edlias pudessem manter a alimenta\u00e7\u00e3o das crian\u00e7as. Neste Natal, a entidade que sempre contou com a parceria da comunidade e das empresas locais estar\u00e1 entregando cestas b\u00e1sicas e junto, um presente de Natal para as crian\u00e7as.<\/p>\n<p class=\"ydpd275b1d7MsoNormal\">De acordo com a diretora da institui\u00e7\u00e3o, Daniela Stasiak, a semana do Natal \u00e9 sempre especial no Promenor, com brincadeiras e alimentos diferentes.<em> \u201cSempre fazemos algo diferente para eles durante essa \u00faltima semana. Neste ano, tudo est\u00e1 sendo t\u00e3o diferente, mas, n\u00e3o queremos que eles percam o encanto e a magia do Natal, por isso, pensamos, porque n\u00e3o fazer como foi feito na P\u00e1scoa e mandar junto uma cesta de doces? Assim, estamos buscando a colabora\u00e7\u00e3o, mais uma vez, da comunidade, que sempre nos apoiou e ajuda na manuten\u00e7\u00e3o do Promenor\u201d,<\/em> disse.<\/p>\n<p class=\"ydpd275b1d7MsoNormal\">A entidade busca a doa\u00e7\u00e3o de doces (balas, pirulitos, chocolates) pipoquinhas e salgadinhos que possam ser entregues nesta cesta de Natal, junto com os alimentos. As doa\u00e7\u00f5es podem ser feitas at\u00e9 dia o 11 de dezembro nos seguintes locais: RS Retifica, Ed m\u00f3veis, Mazi Som, Grupo Chiru em Frederico Westphalen e na sede do Promenor nas ter\u00e7as e quintas das 8 \u00e0s 15 horas.<\/p>\n<p class=\"ydpd275b1d7MsoNormal\">A entidade, tamb\u00e9m, se disponibiliza a buscar as doa\u00e7\u00f5es, basta contatar pelo telefone (55) 99653-4195.<\/p>\n<\/div>\n<p>*ASCOM&nbsp;<\/p>\n<\/div>","protected":false},"excerpt":{"rendered":"<p>Mesmo distante dos seus assistidos durante 2020, o Promenor sempre esteve pr\u00f3ximo, dando suporte, aten\u00e7\u00e3o e tamb\u00e9m entregando cestas b\u00e1sicas para que as fam\u00edlias pudessem manter a alimenta\u00e7\u00e3o das crian\u00e7as. Neste Natal, a entidade que sempre contou com a parceria da comunidade e das empresas locais estar\u00e1 entregando cestas b\u00e1sicas e junto, um presente de<\/p>\n<div class=\"read-more-wrapper\"><a class=\"read-more\" href=\"https:\/\/www2.comunitaria.com.br\/en\/promenor-busca-donativos-para-cestas-de-natal\/\" title=\"Read More\"> <span class=\"button\">Read More<\/span><\/a><\/div>","protected":false},"author":2,"featured_media":43932,"comment_status":"open","ping_status":"closed","sticky":false,"template":"","format":"standard","meta":{"ngg_post_thumbnail":0,"footnotes":""},"categories":[28,33],"tags":[5001,5002,5003,1098],"class_list":["post-43930","post","type-post","status-publish","format-standard","has-post-thumbnail","hentry","category-destaque","category-noticias","tag-doacoesdenatal","tag-doacoesnatalinas","tag-natal2020","tag-promenor"],"amp_enabled":true,"_links":{"self":[{"href":"https:\/\/www2.comunitaria.com.br\/en\/wp-json\/wp\/v2\/posts\/43930","targetHints":{"allow":["GET"]}}],"collection":[{"href":"https:\/\/www2.comunitaria.com.br\/en\/wp-json\/wp\/v2\/posts"}],"about":[{"href":"https:\/\/www2.comunitaria.com.br\/en\/wp-json\/wp\/v2\/types\/post"}],"author":[{"embeddable":true,"href":"https:\/\/www2.comunitaria.com.br\/en\/wp-json\/wp\/v2\/users\/2"}],"replies":[{"embeddable":true,"href":"https:\/\/www2.comunitaria.com.br\/en\/wp-json\/wp\/v2\/comments?post=43930"}],"version-history":[{"count":0,"href":"https:\/\/www2.comunitaria.com.br\/en\/wp-json\/wp\/v2\/posts\/43930\/revisions"}],"wp:featuredmedia":[{"embeddable":true,"href":"https:\/\/www2.comunitaria.com.br\/en\/wp-json\/wp\/v2\/media\/43932"}],"wp:attachment":[{"href":"https:\/\/www2.comunitaria.com.br\/en\/wp-json\/wp\/v2\/media?parent=43930"}],"wp:term":[{"taxonomy":"category","embeddable":true,"href":"https:\/\/www2.comunitaria.com.br\/en\/wp-json\/wp\/v2\/categories?post=43930"},{"taxonomy":"post_tag","embeddable":true,"href":"https:\/\/www2.comunitaria.com.br\/en\/wp-json\/wp\/v2\/tags?post=43930"}],"curies":[{"name":"wp","href":"https:\/\/api.w.org\/{rel}","templated":true}]}}