{"id":43469,"date":"2020-11-15T10:05:08","date_gmt":"2020-11-15T12:05:08","guid":{"rendered":"http:\/\/www2.comunitaria.com.br\/?p=43469"},"modified":"2020-11-15T10:45:16","modified_gmt":"2020-11-15T12:45:16","slug":"salao-da-capela-nossa-senhora-aparecida-e-o-local-com-mais-eleitores-em-fw","status":"publish","type":"post","link":"https:\/\/www2.comunitaria.com.br\/en\/salao-da-capela-nossa-senhora-aparecida-e-o-local-com-mais-eleitores-em-fw\/","title":{"rendered":"Sal\u00e3o da Capela Nossa Senhora Aparecida \u00e9 o local com mais eleitores em FW"},"content":{"rendered":"<p>Neste domingo,15, os eleitores de Frederico Westphalen v\u00e3o \u00e0s urnas para escolher entre os quatro candidatos a prefeito e&nbsp; vice e aos 59 candidatos a vereador. Conforme a Brigada Militar nas primeiras horas da manh\u00e3, destinadas ao p\u00fablico com maior de 60 anos, n\u00e3o houve registro de ocorr\u00eancias.&nbsp;<\/p>\n<p>O local com mais eleitores no munic\u00edpio se encontra no Sal\u00e3o da Capela Nossa Senhora Aparecida, com 1.945 eleitores e com cinco se\u00e7\u00f5es. Das 7h \u00e0s 9h j\u00e1 haviam votado 306 eleitores.&nbsp;<\/p>\n<p>Com 1.878 a&nbsp; Escola Municipal de Ensino Fundamental Irma Odila Lehnen,&nbsp; no Bairro S\u00e3o Francisco de Paula, \u00e9 o segundo local com mais eleitores.&nbsp;<\/p>","protected":false},"excerpt":{"rendered":"<p>Neste domingo,15, os eleitores de Frederico Westphalen v\u00e3o \u00e0s urnas para escolher entre os quatro candidatos a prefeito e&nbsp; vice e aos 59 candidatos a vereador. Conforme a Brigada Militar&#8230;<\/p>","protected":false},"author":2,"featured_media":43429,"comment_status":"open","ping_status":"closed","sticky":false,"template":"","format":"standard","meta":{"ngg_post_thumbnail":0,"footnotes":""},"categories":[4658,28,33],"tags":[4666,2053,4638,4643],"class_list":["post-43469","post","type-post","status-publish","format-standard","has-post-thumbnail","hentry","category-eleicoes-2020","category-destaque","category-noticias","tag-comunitariafw","tag-eleicoes-municipais","tag-fredericowestphalen","tag-radiocomunitaria"],"amp_enabled":true,"_links":{"self":[{"href":"https:\/\/www2.comunitaria.com.br\/en\/wp-json\/wp\/v2\/posts\/43469","targetHints":{"allow":["GET"]}}],"collection":[{"href":"https:\/\/www2.comunitaria.com.br\/en\/wp-json\/wp\/v2\/posts"}],"about":[{"href":"https:\/\/www2.comunitaria.com.br\/en\/wp-json\/wp\/v2\/types\/post"}],"author":[{"embeddable":true,"href":"https:\/\/www2.comunitaria.com.br\/en\/wp-json\/wp\/v2\/users\/2"}],"replies":[{"embeddable":true,"href":"https:\/\/www2.comunitaria.com.br\/en\/wp-json\/wp\/v2\/comments?post=43469"}],"version-history":[{"count":0,"href":"https:\/\/www2.comunitaria.com.br\/en\/wp-json\/wp\/v2\/posts\/43469\/revisions"}],"wp:featuredmedia":[{"embeddable":true,"href":"https:\/\/www2.comunitaria.com.br\/en\/wp-json\/wp\/v2\/media\/43429"}],"wp:attachment":[{"href":"https:\/\/www2.comunitaria.com.br\/en\/wp-json\/wp\/v2\/media?parent=43469"}],"wp:term":[{"taxonomy":"category","embeddable":true,"href":"https:\/\/www2.comunitaria.com.br\/en\/wp-json\/wp\/v2\/categories?post=43469"},{"taxonomy":"post_tag","embeddable":true,"href":"https:\/\/www2.comunitaria.com.br\/en\/wp-json\/wp\/v2\/tags?post=43469"}],"curies":[{"name":"wp","href":"https:\/\/api.w.org\/{rel}","templated":true}]}}