{"id":4316,"date":"2015-07-21T08:30:32","date_gmt":"2015-07-21T10:30:32","guid":{"rendered":"http:\/\/www2.comunitaria.com.br\/?p=4316"},"modified":"2015-07-21T09:32:08","modified_gmt":"2015-07-21T11:32:08","slug":"premio-empresario-do-ano-e-empresas-destaques-sera-realizado-no-dia-22-de-agosto","status":"publish","type":"post","link":"https:\/\/www2.comunitaria.com.br\/en\/premio-empresario-do-ano-e-empresas-destaques-sera-realizado-no-dia-22-de-agosto\/","title":{"rendered":"Pr\u00eamio Empres\u00e1rio do Ano e Empresas Destaques ser\u00e1 realizado no dia 22 de agosto"},"content":{"rendered":"<p style=\"text-align: justify;\">A realiza\u00e7\u00e3o da 6\u00aa edi\u00e7\u00e3o do pr\u00eamio Empres\u00e1rio do Ano e Empresas Destaques ser\u00e1 no dia 22 de agosto. O evento \u00e9 promovido pela Associa\u00e7\u00e3o Comercial, Industrial e de Presta\u00e7\u00e3o de Servi\u00e7os de Frederico Westphalen (ACI-FW) em parceria com a Administra\u00e7\u00e3o Municipal e ser\u00e1 realizado no Clube Recreativo e Cultural Harmonia, a partir das 19h.<\/p>\n<p style=\"text-align: justify;\">A nominata dos empres\u00e1rios representando cada empresa associada \u00e0 entidade j\u00e1 foi conclu\u00edda. No dia 8 de julho, iniciou-se a segunda etapa do processo de elei\u00e7\u00e3o do Empres\u00e1rio do Ano 2014, em que a equipe da ACI-FW visita as empresas para que cada associado possa dar o seu voto. Com a apura\u00e7\u00e3o do resultado desta etapa, ser\u00e3o divulgados os dez empres\u00e1rios finalistas, que ter\u00e3o suas trajet\u00f3rias contadas ao longo de aproximadamente tr\u00eas semanas. A decis\u00e3o ficar\u00e1 para uma nova vota\u00e7\u00e3o que ser\u00e1 realizada durante o jantar de premia\u00e7\u00e3o, no dia 22 de agosto.<\/p>\n<p style=\"text-align: justify;\">De acordo com o regulamento, caracter\u00edsticas como esp\u00edrito empreendedor, arrojo nas iniciativas, lideran\u00e7a, probidade, senso de justi\u00e7a, inova\u00e7\u00e3o tecnol\u00f3gica ou administrativa, participa\u00e7\u00e3o comunit\u00e1ria e responsabilidade social devem ser consideradas para eleger o empreendedor que receber\u00e1 o maior pr\u00eamio de reconhecimento do empresariado frederiquense, o Trof\u00e9u Catedral.<\/p>\n<p style=\"text-align: justify;\">Al\u00e9m de homenagear o empres\u00e1rio destaque, por meio do levantamento realizado pela Administra\u00e7\u00e3o Municipal de Frederico Westphalen baseado em n\u00fameros fornecidos pela Fazenda Estadual, s\u00e3o definidas as 10 empresas que se destacaram pelo valor adicionado, no per\u00edodo de 12 meses, do ano de 2014. Neste ano, buscando reconhecer a import\u00e2ncia das empresas menores que, para atender aos crit\u00e9rios, geralmente ficavam de fora da disputa, a certifica\u00e7\u00e3o ser\u00e1 dividida em dois grupos: as Empresas Optantes pela Categoria Geral e as Empresas Optantes pelo Simples Nacional.<\/p>\n<p style=\"text-align: justify;\">A lista com as empresas homenageadas ser\u00e1 revelada apenas na noite do evento. J\u00e1 os dez empres\u00e1rios finalistas ser\u00e3o conhecidos no dia 7 de agosto, ap\u00f3s o escrut\u00ednio dos votos que est\u00e3o sendo coletados entre os associados da ACI-FW at\u00e9 o pr\u00f3ximo dia 6.<\/p>\n<p style=\"text-align: justify;\">O evento contar\u00e1 com show de Daniel Torres, patrocinado pela empresa Arbaza Alimentos. O Bistr\u00f4 Eventos ser\u00e1 o respons\u00e1vel pelo jantar. Os ingressos j\u00e1 est\u00e3o sendo comercializados pela equipe da ACI e poder\u00e3o ser solicitados pelo telefone .<\/p>\n<p style=\"text-align: justify;\">Nos \u00faltimos cinco anos foram premiados os empres\u00e1rios Nelci Afonso Bakof, Darci Mariotti, Leonir Balestreri, Fl\u00e1vio Ramos e Benoni Sponchiado, eleitos pelos votos dos associados da ACI-FW.<\/p>\n<p><a href=\"http:\/\/www.acifw.com.br\/imagens\/ckfinder\/files\/Regulamento%20Empresario%20do%20Ano%202014.pdf\" target=\"_blank\">Confira o regulamento<\/a><\/p>\n<p><strong>Foto:<\/strong> Divulga\u00e7\u00e3o<\/p>","protected":false},"excerpt":{"rendered":"<p>A realiza\u00e7\u00e3o da 6\u00aa edi\u00e7\u00e3o do pr\u00eamio Empres\u00e1rio do Ano e Empresas Destaques ser\u00e1 no dia 22 de agosto. O evento \u00e9 promovido pela Associa\u00e7\u00e3o Comercial, Industrial e de Presta\u00e7\u00e3o&#8230;<\/p>","protected":false},"author":2,"featured_media":4780,"comment_status":"open","ping_status":"closed","sticky":false,"template":"","format":"standard","meta":{"ngg_post_thumbnail":0,"footnotes":""},"categories":[42,28,33],"tags":[200,1054,346,107],"class_list":["post-4316","post","type-post","status-publish","format-standard","has-post-thumbnail","hentry","category-fred-west","category-destaque","category-noticias","tag-aci","tag-empresa","tag-empresario","tag-premio"],"amp_enabled":true,"_links":{"self":[{"href":"https:\/\/www2.comunitaria.com.br\/en\/wp-json\/wp\/v2\/posts\/4316","targetHints":{"allow":["GET"]}}],"collection":[{"href":"https:\/\/www2.comunitaria.com.br\/en\/wp-json\/wp\/v2\/posts"}],"about":[{"href":"https:\/\/www2.comunitaria.com.br\/en\/wp-json\/wp\/v2\/types\/post"}],"author":[{"embeddable":true,"href":"https:\/\/www2.comunitaria.com.br\/en\/wp-json\/wp\/v2\/users\/2"}],"replies":[{"embeddable":true,"href":"https:\/\/www2.comunitaria.com.br\/en\/wp-json\/wp\/v2\/comments?post=4316"}],"version-history":[{"count":0,"href":"https:\/\/www2.comunitaria.com.br\/en\/wp-json\/wp\/v2\/posts\/4316\/revisions"}],"wp:featuredmedia":[{"embeddable":true,"href":"https:\/\/www2.comunitaria.com.br\/en\/wp-json\/wp\/v2\/media\/4780"}],"wp:attachment":[{"href":"https:\/\/www2.comunitaria.com.br\/en\/wp-json\/wp\/v2\/media?parent=4316"}],"wp:term":[{"taxonomy":"category","embeddable":true,"href":"https:\/\/www2.comunitaria.com.br\/en\/wp-json\/wp\/v2\/categories?post=4316"},{"taxonomy":"post_tag","embeddable":true,"href":"https:\/\/www2.comunitaria.com.br\/en\/wp-json\/wp\/v2\/tags?post=4316"}],"curies":[{"name":"wp","href":"https:\/\/api.w.org\/{rel}","templated":true}]}}