{"id":42907,"date":"2020-10-15T15:45:28","date_gmt":"2020-10-15T17:45:28","guid":{"rendered":"http:\/\/www2.comunitaria.com.br\/?p=42907"},"modified":"2020-10-15T15:47:11","modified_gmt":"2020-10-15T17:47:11","slug":"cdl-fw-lanca-campanha-show-de-premios-2020","status":"publish","type":"post","link":"https:\/\/www2.comunitaria.com.br\/en\/cdl-fw-lanca-campanha-show-de-premios-2020\/","title":{"rendered":"CDL-FW lan\u00e7a campanha Show de Pr\u00eamios 2020"},"content":{"rendered":"<div class=\"corpo\">\n<p>A campanha Show de Pr\u00eamios 2020 foi lan\u00e7ada na manh\u00e3 desta quinta-feira, 15, no Sal\u00e3o Nobre da ACIFW, e apresentou para toda a comunidade as novidades para a a\u00e7\u00e3o deste ano, que contar\u00e1 com o sorteio de um carro zero km e R$ 10.000 em vale-compras. &nbsp;A a\u00e7\u00e3o, que tem como objetivo apoiar os lojistas e estimular as vendas no munic\u00edpio, ter\u00e1 in\u00edcio no dia 3 de novembro e segue at\u00e9 24 de dezembro. No dia 29 de dezembro ser\u00e3o conhecidos os vencedores.<\/p>\n<p>Neste ano, a campanha ter\u00e1 novidades, buscando auxiliar os lojistas que foram impactados pela pandemia da Covid-19. A CDL-FW e a ACIFW ir\u00e3o oferecer at\u00e9 1.500 cupons de forma gratuita por empresa, benef\u00edcio estendido para todos os associados. Para receber os cupons, a empresa associada deve estar com os d\u00e9bitos com as entidades quitados e realizar a reserva da quantidade de cautelas que precisa pelo site: <a href=\"http:\/\/www.cdlfw.com.br\/\">www.cdlfw.com.br<\/a>&nbsp;ou&nbsp;<a href=\"http:\/\/www.acifw.com.br\/\">www.acifw.com.br<\/a>.<\/p>\n<p>De acordo com Edegar Pacheco, presidente em exerc\u00edcio da CDL-FW, a campanha Show de Pr\u00eamios sempre foi importante para alavancar as vendas nos meses que antecedem o Natal, fortalecendo e movimentando o nosso com\u00e9rcio. \u201cNeste ano, tem uma import\u00e2ncia ainda maior, pois o com\u00e9rcio tem sofrido muito com a pandemia e a Campanha ser\u00e1 \u201cgratuita\u201d para os associados da CDL e ACI. Foi uma maneira que as entidades encontraram para ajudar os comerciantes neste momento t\u00e3o dif\u00edcil\u201d, comenta Pacheco.<\/p>\n<p><strong>Detalhes da campanha<br \/>\n<\/strong>Os cupons s\u00f3 ser\u00e3o v\u00e1lidos se tiverem com todos os dados leg\u00edveis, possu\u00edrem o carimbo da empresa participante e se o CPF do cliente estiver cadastrado na Nota Fiscal Ga\u00facha. Al\u00e9m disso, os ganhadores do 2\u00b0 e 3\u00b0 pr\u00eamio poder\u00e3o fracionar os gastos, sendo 50% do valor do vale na empresa que sorteou e 50% em outra empresa de sua prefer\u00eancia, desde que participante da Campanha Show de Pr\u00eamios 2020. Os outros ganhadores devem gastar o valor na loja que sorteou.<\/p>\n<p><strong>Confira todas as premia\u00e7\u00f5es:<\/strong><\/p>\n<ul>\n<li>1\u00b0 pr\u00eamio: 01 carro Fiat Mobi Easy 1.0 Flex, 4 portas, O KM, Ano 2020, Modelo 2020.<\/li>\n<li>2\u00b0 pr\u00eamio: 01 vale-compras de R$ 3.000,00<\/li>\n<li>3\u00b0 pr\u00eamio: 01 vale-compras de R$ 2.000,00<\/li>\n<li>4\u00b0 pr\u00eamio: 01 vale-compras de R$ 1.000,00<\/li>\n<li>5\u00b0 pr\u00eamio: 01 vale-compras de R$ 1.000,00<\/li>\n<li>6\u00b0 pr\u00eamio: 01 vale-compras de R$ 500,00<\/li>\n<li>7\u00b0 pr\u00eamio: 01 vale-compras de R$ 500,00<\/li>\n<li>8\u00b0 pr\u00eamio: 01 vale-compras de R$ 500,00<\/li>\n<li>9\u00b0 pr\u00eamio : 01 vale-compras de R$ 500,00<\/li>\n<li>10\u00b0 pr\u00eamio: 01 vale-compras de R$ 500,00<\/li>\n<li>Pr\u00eamio do vendedor do 1\u00b0 pr\u00eamio: 01 vale- compras de R$ 500,00<\/li>\n<\/ul>\n<p>A campanha \u00e9 uma realiza\u00e7\u00e3o da C\u00e2mara de Dirigentes Lojistas (CDL-FW), da Associa\u00e7\u00e3o Comercial, Industrial e de Presta\u00e7\u00e3o de Servi\u00e7o (ACIFW) e da Prefeitura de Frederico Westphalen. Conta, tamb\u00e9m, com o patroc\u00ednio da Sicredi Alto Uruguai RS\/SC\/MG e Cotrifred, al\u00e9m do apoio da Ag\u00eancia Darup \u2013 Comunica\u00e7\u00e3o Integrada e da C\u00e2mara de Vereadores de Frederico Westphalen.<\/p>\n<p>&nbsp;<\/p>\n<\/div>\n<div class=\"fonte\"><em>*Com informa\u00e7\u00f5es CDL-FW<\/em><\/div>","protected":false},"excerpt":{"rendered":"<p>A campanha Show de Pr\u00eamios 2020 foi lan\u00e7ada na manh\u00e3 desta quinta-feira, 15, no Sal\u00e3o Nobre da ACIFW, e apresentou para toda a comunidade as novidades para a a\u00e7\u00e3o deste ano, que contar\u00e1 com o sorteio de um carro zero km e R$ 10.000 em vale-compras. &nbsp;A a\u00e7\u00e3o, que tem como objetivo apoiar os lojistas<\/p>\n<div class=\"read-more-wrapper\"><a class=\"read-more\" href=\"https:\/\/www2.comunitaria.com.br\/en\/cdl-fw-lanca-campanha-show-de-premios-2020\/\" title=\"Read More\"> <span class=\"button\">Read More<\/span><\/a><\/div>","protected":false},"author":2,"featured_media":42909,"comment_status":"open","ping_status":"closed","sticky":false,"template":"","format":"standard","meta":{"ngg_post_thumbnail":0,"footnotes":""},"categories":[33],"tags":[],"class_list":["post-42907","post","type-post","status-publish","format-standard","has-post-thumbnail","hentry","category-noticias"],"amp_enabled":true,"_links":{"self":[{"href":"https:\/\/www2.comunitaria.com.br\/en\/wp-json\/wp\/v2\/posts\/42907","targetHints":{"allow":["GET"]}}],"collection":[{"href":"https:\/\/www2.comunitaria.com.br\/en\/wp-json\/wp\/v2\/posts"}],"about":[{"href":"https:\/\/www2.comunitaria.com.br\/en\/wp-json\/wp\/v2\/types\/post"}],"author":[{"embeddable":true,"href":"https:\/\/www2.comunitaria.com.br\/en\/wp-json\/wp\/v2\/users\/2"}],"replies":[{"embeddable":true,"href":"https:\/\/www2.comunitaria.com.br\/en\/wp-json\/wp\/v2\/comments?post=42907"}],"version-history":[{"count":0,"href":"https:\/\/www2.comunitaria.com.br\/en\/wp-json\/wp\/v2\/posts\/42907\/revisions"}],"wp:featuredmedia":[{"embeddable":true,"href":"https:\/\/www2.comunitaria.com.br\/en\/wp-json\/wp\/v2\/media\/42909"}],"wp:attachment":[{"href":"https:\/\/www2.comunitaria.com.br\/en\/wp-json\/wp\/v2\/media?parent=42907"}],"wp:term":[{"taxonomy":"category","embeddable":true,"href":"https:\/\/www2.comunitaria.com.br\/en\/wp-json\/wp\/v2\/categories?post=42907"},{"taxonomy":"post_tag","embeddable":true,"href":"https:\/\/www2.comunitaria.com.br\/en\/wp-json\/wp\/v2\/tags?post=42907"}],"curies":[{"name":"wp","href":"https:\/\/api.w.org\/{rel}","templated":true}]}}