{"id":42496,"date":"2020-09-16T21:48:07","date_gmt":"2020-09-16T23:48:07","guid":{"rendered":"http:\/\/www2.comunitaria.com.br\/?p=42496"},"modified":"2020-09-16T21:51:05","modified_gmt":"2020-09-16T23:51:05","slug":"duarte-e-jaques-serao-candidatos-a-prefeitura-de-fw","status":"publish","type":"post","link":"https:\/\/www2.comunitaria.com.br\/en\/duarte-e-jaques-serao-candidatos-a-prefeitura-de-fw\/","title":{"rendered":"Duarte e Jacques ser\u00e3o candidatos \u00e0 prefeitura de FW"},"content":{"rendered":"<p>O atual vice-prefeito Diogo Duarte, que tamb\u00e9m j\u00e1 foi vereador, e o vereador Jacques Douglas de Oliveira s\u00e3o pr\u00e9-candidatos a prefeito e vice pelo MDB em Frederico Westphalen. Lideran\u00e7as do MDB confirmaram a informa\u00e7\u00e3o.&nbsp;<\/p>\n<p>O MDB optou em conven\u00e7\u00e3o em n\u00e3o apoiar alian\u00e7a com o PP e desde ent\u00e3o debatia sobre os nomes do partido para concorrer a majorit\u00e1ria.<\/p>\n<p>Elei\u00e7\u00f5es municipais ocorrem em novembro.<\/p>\n<p><em>Em breve mais informa\u00e7\u00f5es.<\/em><\/p>","protected":false},"excerpt":{"rendered":"<p>O atual vice-prefeito Diogo Duarte, que tamb\u00e9m j\u00e1 foi vereador, e o vereador Jacques Douglas de Oliveira s\u00e3o pr\u00e9-candidatos a prefeito e vice pelo MDB em Frederico Westphalen. Lideran\u00e7as do MDB confirmaram a informa\u00e7\u00e3o.&nbsp; O MDB optou em conven\u00e7\u00e3o em n\u00e3o apoiar alian\u00e7a com o PP e desde ent\u00e3o debatia sobre os nomes do partido<\/p>\n<div class=\"read-more-wrapper\"><a class=\"read-more\" href=\"https:\/\/www2.comunitaria.com.br\/en\/duarte-e-jaques-serao-candidatos-a-prefeitura-de-fw\/\" title=\"Read More\"> <span class=\"button\">Read More<\/span><\/a><\/div>","protected":false},"author":2,"featured_media":42499,"comment_status":"open","ping_status":"closed","sticky":false,"template":"","format":"standard","meta":{"ngg_post_thumbnail":0,"footnotes":""},"categories":[28,33],"tags":[],"class_list":["post-42496","post","type-post","status-publish","format-standard","has-post-thumbnail","hentry","category-destaque","category-noticias"],"amp_enabled":true,"_links":{"self":[{"href":"https:\/\/www2.comunitaria.com.br\/en\/wp-json\/wp\/v2\/posts\/42496","targetHints":{"allow":["GET"]}}],"collection":[{"href":"https:\/\/www2.comunitaria.com.br\/en\/wp-json\/wp\/v2\/posts"}],"about":[{"href":"https:\/\/www2.comunitaria.com.br\/en\/wp-json\/wp\/v2\/types\/post"}],"author":[{"embeddable":true,"href":"https:\/\/www2.comunitaria.com.br\/en\/wp-json\/wp\/v2\/users\/2"}],"replies":[{"embeddable":true,"href":"https:\/\/www2.comunitaria.com.br\/en\/wp-json\/wp\/v2\/comments?post=42496"}],"version-history":[{"count":0,"href":"https:\/\/www2.comunitaria.com.br\/en\/wp-json\/wp\/v2\/posts\/42496\/revisions"}],"wp:featuredmedia":[{"embeddable":true,"href":"https:\/\/www2.comunitaria.com.br\/en\/wp-json\/wp\/v2\/media\/42499"}],"wp:attachment":[{"href":"https:\/\/www2.comunitaria.com.br\/en\/wp-json\/wp\/v2\/media?parent=42496"}],"wp:term":[{"taxonomy":"category","embeddable":true,"href":"https:\/\/www2.comunitaria.com.br\/en\/wp-json\/wp\/v2\/categories?post=42496"},{"taxonomy":"post_tag","embeddable":true,"href":"https:\/\/www2.comunitaria.com.br\/en\/wp-json\/wp\/v2\/tags?post=42496"}],"curies":[{"name":"wp","href":"https:\/\/api.w.org\/{rel}","templated":true}]}}