{"id":42380,"date":"2020-09-10T18:31:30","date_gmt":"2020-09-10T20:31:30","guid":{"rendered":"http:\/\/www2.comunitaria.com.br\/?p=42380"},"modified":"2020-09-10T18:31:30","modified_gmt":"2020-09-10T20:31:30","slug":"fw-audiencia-publica-debate-volta-as-aulas-no-municipio","status":"publish","type":"post","link":"https:\/\/www2.comunitaria.com.br\/en\/fw-audiencia-publica-debate-volta-as-aulas-no-municipio\/","title":{"rendered":"FW: Audi\u00eancia P\u00fablica debate volta \u00e0s aulas no munic\u00edpio"},"content":{"rendered":"<p><span style=\"font-weight: 400;\">O Minist\u00e9rio P\u00fablico de Frederico Westphalen (MP-FW) realizou uma audi\u00eancia nesta quinta-feira, 10, com o objetivo de debater sobre a retomada das aulas presenciais na educa\u00e7\u00e3o infantil. O encontro teve a presen\u00e7a de representantes da Administra\u00e7\u00e3o Municipal e das escolas privadas e p\u00fablicas.<\/span><\/p>\n<p><span style=\"font-weight: 400;\">Desde o in\u00edcio de setembro, o governo estadual liberou o in\u00edcio das aulas para a educa\u00e7\u00e3o infantil nos munic\u00edpios classificados em bandeira amarela ou que estejam em bandeira laranja por, no m\u00ednimo, duas semanas.<\/span><\/p>\n<p><span style=\"font-weight: 400;\">O promotor de Justi\u00e7a, Jo\u00e3o Pedro Togni, destacou que a audi\u00eancia, realizada de forma virtual, busca trazer ao conhecimento das escolas a nova regulamenta\u00e7\u00e3o aplicada pelo Governo do Rio Grande do Sul e as especifica\u00e7\u00f5es do sistema de distanciamento controlado. Dessa forma, segundo Togni, as escolas estar\u00e3o preparadas para o retorno presencial quando for poss\u00edvel.<\/span><\/p>\n<p><span style=\"font-weight: 400;\">Um dos pontos colocados pelos gestores das escolas \u00e9 que, com a retomada das atividades de ind\u00fastria e com\u00e9rcio, muitos pais n\u00e3o t\u00eam com quem deixar os filhos e as crian\u00e7as acabam sendo supervisionadas, muitas vezes, por cuidadores que n\u00e3o s\u00e3o qualificados ou n\u00e3o possuem experi\u00eancia. As gestoras das escolinhas tamb\u00e9m demonstraram preocupa\u00e7\u00e3o e afirmaram que, caso n\u00e3o haja o retorno presencial, ter\u00e3o que encerrar suas atividades em decorr\u00eancia das dificuldades financeiras.<\/span><\/p>\n<p><span style=\"font-weight: 400;\">A Secret\u00e1ria Municipal de Educa\u00e7\u00e3o e Cultura <\/span><span style=\"font-weight: 400;\">afirmou que a escola Nossa Senhora Auxiliadora j\u00e1 entregou um plano de conting\u00eancia, mas que adequa\u00e7\u00f5es ainda precisam ser feitas. Sendo assim, uma reuni\u00e3o foi marcada na segunda-feira, 14, para modificar o documento.<\/span><\/p>\n<p><span style=\"font-weight: 400;\">As escolas privadas tamb\u00e9m ficaram encarregadas de enviar ao MP alguns dados, como o n\u00famero de estudantes interessado em retornar \u00e0s aulas presenciais e a quantidade de colaboradores que fazem parte do grupo de risco da Covid-19.<\/span><\/p>\n<p><span style=\"font-weight: 400;\">Durante a audi\u00eancia, tamb\u00e9m foi levantada a situa\u00e7\u00e3o das escolas da rede municipal de ensino. A Secretaria de Educa\u00e7\u00e3o e Cultura (Smec) exp\u00f4s que est\u00e1 desenvolvendo um plano de conting\u00eancia, mas que o retorno para estes alunos deve demorar mais. De acordo com a Administra\u00e7\u00e3o Municipal, o afastamento de v\u00e1rios servidores e o alto n\u00famero de alunos na rede municipal s\u00e3o alguns dos pontos que dificultam a retomada imediata.<\/span><\/p>\n<p><span style=\"font-weight: 400;\">As crian\u00e7as do munic\u00edpio em situa\u00e7\u00e3o de vulnerabilidade social tamb\u00e9m foram citadas na audi\u00eancia. O Minist\u00e9rio P\u00fablico pediu que a Smec, em conjunto com a Secretaria de Assist\u00eancia Social, fa\u00e7a um levantamento para mapear quem s\u00e3o estas crian\u00e7as e de qual forma o munic\u00edpio pode auxili\u00e1-las.<\/p>\n<p>(Foto: O Debate On\/reprodu\u00e7\u00e3o)<\/span><\/p>","protected":false},"excerpt":{"rendered":"<p>O Minist\u00e9rio P\u00fablico de Frederico Westphalen (MP-FW) realizou uma audi\u00eancia nesta quinta-feira, 10, com o objetivo de debater sobre a retomada das aulas presenciais na educa\u00e7\u00e3o infantil. O encontro teve&#8230;<\/p>","protected":false},"author":2,"featured_media":42382,"comment_status":"open","ping_status":"closed","sticky":false,"template":"","format":"standard","meta":{"ngg_post_thumbnail":0,"footnotes":""},"categories":[28,33],"tags":[],"class_list":["post-42380","post","type-post","status-publish","format-standard","has-post-thumbnail","hentry","category-destaque","category-noticias"],"amp_enabled":true,"_links":{"self":[{"href":"https:\/\/www2.comunitaria.com.br\/en\/wp-json\/wp\/v2\/posts\/42380","targetHints":{"allow":["GET"]}}],"collection":[{"href":"https:\/\/www2.comunitaria.com.br\/en\/wp-json\/wp\/v2\/posts"}],"about":[{"href":"https:\/\/www2.comunitaria.com.br\/en\/wp-json\/wp\/v2\/types\/post"}],"author":[{"embeddable":true,"href":"https:\/\/www2.comunitaria.com.br\/en\/wp-json\/wp\/v2\/users\/2"}],"replies":[{"embeddable":true,"href":"https:\/\/www2.comunitaria.com.br\/en\/wp-json\/wp\/v2\/comments?post=42380"}],"version-history":[{"count":0,"href":"https:\/\/www2.comunitaria.com.br\/en\/wp-json\/wp\/v2\/posts\/42380\/revisions"}],"wp:featuredmedia":[{"embeddable":true,"href":"https:\/\/www2.comunitaria.com.br\/en\/wp-json\/wp\/v2\/media\/42382"}],"wp:attachment":[{"href":"https:\/\/www2.comunitaria.com.br\/en\/wp-json\/wp\/v2\/media?parent=42380"}],"wp:term":[{"taxonomy":"category","embeddable":true,"href":"https:\/\/www2.comunitaria.com.br\/en\/wp-json\/wp\/v2\/categories?post=42380"},{"taxonomy":"post_tag","embeddable":true,"href":"https:\/\/www2.comunitaria.com.br\/en\/wp-json\/wp\/v2\/tags?post=42380"}],"curies":[{"name":"wp","href":"https:\/\/api.w.org\/{rel}","templated":true}]}}