{"id":42193,"date":"2020-08-31T14:58:11","date_gmt":"2020-08-31T16:58:11","guid":{"rendered":"http:\/\/www2.comunitaria.com.br\/?p=42193"},"modified":"2020-08-31T14:58:11","modified_gmt":"2020-08-31T16:58:11","slug":"posto-de-saude-do-aparecida-com-atendimento-normal","status":"publish","type":"post","link":"https:\/\/www2.comunitaria.com.br\/en\/posto-de-saude-do-aparecida-com-atendimento-normal\/","title":{"rendered":"Posto de Sa\u00fade do Aparecida com atendimento normal"},"content":{"rendered":"<p>A partir desta segunda-feira, 31, os atendimentos no Posto de Sa\u00fade do bairro Aparecida, em Frederico Westphalen, voltam ao normal. O Posto Ayres Cerutti seguem com atendimento apenas para casos suspeitos de Covid-19.<\/p>\n<p><strong>Aten\u00e7\u00e3o aos hor\u00e1rios dos postos:<\/strong><br \/>\nPosto Ayres<br \/>\nDas 8 \u00e0s 20 horas de segunda a sexta-feira, e das 14 \u00e0s 18 horas nos s\u00e1bados e feriados<\/p>\n<p>Posto Central<br \/>\nDas 7h30 \u00e0s 11h30 e das 13 \u00e0s 17 horas<\/p>\n<p>Posto S\u00e3o Francisco de Paula<br \/>\nDas 7h30 \u00e0s 11h30 e das 13 \u00e0s 17 horas<\/p>\n<p>Posto Jardim Primavera<br \/>\nDas 7h30 \u00e0s 11h30 e das 13 \u00e0s 17 horas<\/p>\n<p>Aparecida<br \/>\nDas 7h30 \u00e0s 11h30 e das 13 \u00e0s 17 horas<\/p>\n<p><em>(Foto: Ascom\/divulga\u00e7\u00e3o)<\/em><\/p>","protected":false},"excerpt":{"rendered":"<p>A partir desta segunda-feira, 31, os atendimentos no Posto de Sa\u00fade do bairro Aparecida, em Frederico Westphalen, voltam ao normal. O Posto Ayres Cerutti seguem com atendimento apenas para casos suspeitos de Covid-19. Aten\u00e7\u00e3o aos hor\u00e1rios dos postos: Posto Ayres Das 8 \u00e0s 20 horas de segunda a sexta-feira, e das 14 \u00e0s 18 horas<\/p>\n<div class=\"read-more-wrapper\"><a class=\"read-more\" href=\"https:\/\/www2.comunitaria.com.br\/en\/posto-de-saude-do-aparecida-com-atendimento-normal\/\" title=\"Read More\"> <span class=\"button\">Read More<\/span><\/a><\/div>","protected":false},"author":2,"featured_media":42195,"comment_status":"open","ping_status":"closed","sticky":false,"template":"","format":"standard","meta":{"ngg_post_thumbnail":0,"footnotes":""},"categories":[42,33,37],"tags":[],"class_list":["post-42193","post","type-post","status-publish","format-standard","has-post-thumbnail","hentry","category-fred-west","category-noticias","category-saude"],"amp_enabled":true,"_links":{"self":[{"href":"https:\/\/www2.comunitaria.com.br\/en\/wp-json\/wp\/v2\/posts\/42193","targetHints":{"allow":["GET"]}}],"collection":[{"href":"https:\/\/www2.comunitaria.com.br\/en\/wp-json\/wp\/v2\/posts"}],"about":[{"href":"https:\/\/www2.comunitaria.com.br\/en\/wp-json\/wp\/v2\/types\/post"}],"author":[{"embeddable":true,"href":"https:\/\/www2.comunitaria.com.br\/en\/wp-json\/wp\/v2\/users\/2"}],"replies":[{"embeddable":true,"href":"https:\/\/www2.comunitaria.com.br\/en\/wp-json\/wp\/v2\/comments?post=42193"}],"version-history":[{"count":0,"href":"https:\/\/www2.comunitaria.com.br\/en\/wp-json\/wp\/v2\/posts\/42193\/revisions"}],"wp:featuredmedia":[{"embeddable":true,"href":"https:\/\/www2.comunitaria.com.br\/en\/wp-json\/wp\/v2\/media\/42195"}],"wp:attachment":[{"href":"https:\/\/www2.comunitaria.com.br\/en\/wp-json\/wp\/v2\/media?parent=42193"}],"wp:term":[{"taxonomy":"category","embeddable":true,"href":"https:\/\/www2.comunitaria.com.br\/en\/wp-json\/wp\/v2\/categories?post=42193"},{"taxonomy":"post_tag","embeddable":true,"href":"https:\/\/www2.comunitaria.com.br\/en\/wp-json\/wp\/v2\/tags?post=42193"}],"curies":[{"name":"wp","href":"https:\/\/api.w.org\/{rel}","templated":true}]}}