{"id":42170,"date":"2020-08-28T15:16:51","date_gmt":"2020-08-28T17:16:51","guid":{"rendered":"http:\/\/www2.comunitaria.com.br\/?p=42170"},"modified":"2020-08-28T15:16:51","modified_gmt":"2020-08-28T17:16:51","slug":"tse-amplia-horario-da-votacao-das-eleicoes-municipais-em-uma-hora","status":"publish","type":"post","link":"https:\/\/www2.comunitaria.com.br\/en\/tse-amplia-horario-da-votacao-das-eleicoes-municipais-em-uma-hora\/","title":{"rendered":"TSE amplia hor\u00e1rio da vota\u00e7\u00e3o das elei\u00e7\u00f5es municipais em uma hora"},"content":{"rendered":"<p><span style=\"font-weight: 400;\">O Tribunal Superior Eleitoral (TSE) divulgou hoje, 28, ter oficializado a amplia\u00e7\u00e3o em uma hora do hor\u00e1rio de vota\u00e7\u00e3o nas elei\u00e7\u00f5es municipais deste ano, cujo primeiro turno est\u00e1 marcado para 15 de novembro. Com isso, as urnas ser\u00e3o abertas mais cedo e ficar\u00e3o aptas a receber votos das 7h \u00e0s 17h, sempre no hor\u00e1rio local.<\/span><\/p>\n<p><span style=\"font-weight: 400;\">De acordo com o TSE, o hor\u00e1rio de vota\u00e7\u00e3o foi definido ap\u00f3s consultas a estat\u00edsticos do Instituto de Matem\u00e1tica Pura e Aplicada (Impa), do Insper e da Universidade de S\u00e3o Paulo (USP).<\/span><\/p>\n<p><span style=\"font-weight: 400;\">Outra medida anunciada pelo TSE foi reservar o hor\u00e1rio das 7h \u00e0s 10h preferencialmente para pessoas acima de 60 anos, seguindo orienta\u00e7\u00e3o da consultoria sanit\u00e1ria prestada pela Funda\u00e7\u00e3o Oswaldo Cruz (Fiocruz) e pelos hospitais S\u00edrio-Liban\u00eas e Albert Einstein.<\/span><\/p>\n<p><span style=\"font-weight: 400;\">A inten\u00e7\u00e3o de ampliar o hor\u00e1rio de vota\u00e7\u00e3o j\u00e1 havia sido antecipada pelo presidente do TSE, Lu\u00eds Roberto Barroso, em entrevistas. \u201cEstamos fazendo todo o poss\u00edvel para conciliar, na maior medida, a sa\u00fade p\u00fablica da popula\u00e7\u00e3o com as demandas da democracia\u201d, disse o ministro nesta sexta-feira (28), em mensagem gravada.<\/span><\/p>\n<p><span style=\"font-weight: 400;\">O ministro acrescentou ainda ter abandonado a ideia inicial de estender a vota\u00e7\u00e3o para al\u00e9m das 17h ap\u00f3s consultas aos presidentes dos Tribunais Regionais Eleitorais, \u201cporque em muitas partes do Brasil, ap\u00f3s essa hora, h\u00e1 dificuldades de transporte e problemas de viol\u00eancia\u201d, disse Barroso.<\/span><\/p>\n<p><span style=\"font-weight: 400;\">Segundo ele, ser\u00e3o disponibilizados, em parceria com a iniciativa privada, 7,5 milh\u00f5es de m\u00e1scaras e 1,8 milh\u00e3o de prote\u00e7\u00f5es faciais (<\/span><i><span style=\"font-weight: 400;\">face shields<\/span><\/i><span style=\"font-weight: 400;\">) aos mes\u00e1rios. Al\u00e9m disso, 1 milh\u00e3o de litros de \u00e1lcool gel devem ser distribu\u00eddos para que os eleitores limpem as m\u00e3os na entrada e na sa\u00edda das se\u00e7\u00f5es eleitorais.<\/p>\n<p><\/span><\/p>\n<p><em>*Ag\u00eancia Brasil<\/em><\/p>","protected":false},"excerpt":{"rendered":"<p>O Tribunal Superior Eleitoral (TSE) divulgou hoje, 28, ter oficializado a amplia\u00e7\u00e3o em uma hora do hor\u00e1rio de vota\u00e7\u00e3o nas elei\u00e7\u00f5es municipais deste ano, cujo primeiro turno est\u00e1 marcado para&#8230;<\/p>","protected":false},"author":2,"featured_media":20221,"comment_status":"open","ping_status":"closed","sticky":false,"template":"","format":"standard","meta":{"ngg_post_thumbnail":0,"footnotes":""},"categories":[47,33,38],"tags":[],"class_list":["post-42170","post","type-post","status-publish","format-standard","has-post-thumbnail","hentry","category-brasil","category-noticias","category-politica"],"amp_enabled":true,"_links":{"self":[{"href":"https:\/\/www2.comunitaria.com.br\/en\/wp-json\/wp\/v2\/posts\/42170","targetHints":{"allow":["GET"]}}],"collection":[{"href":"https:\/\/www2.comunitaria.com.br\/en\/wp-json\/wp\/v2\/posts"}],"about":[{"href":"https:\/\/www2.comunitaria.com.br\/en\/wp-json\/wp\/v2\/types\/post"}],"author":[{"embeddable":true,"href":"https:\/\/www2.comunitaria.com.br\/en\/wp-json\/wp\/v2\/users\/2"}],"replies":[{"embeddable":true,"href":"https:\/\/www2.comunitaria.com.br\/en\/wp-json\/wp\/v2\/comments?post=42170"}],"version-history":[{"count":0,"href":"https:\/\/www2.comunitaria.com.br\/en\/wp-json\/wp\/v2\/posts\/42170\/revisions"}],"wp:featuredmedia":[{"embeddable":true,"href":"https:\/\/www2.comunitaria.com.br\/en\/wp-json\/wp\/v2\/media\/20221"}],"wp:attachment":[{"href":"https:\/\/www2.comunitaria.com.br\/en\/wp-json\/wp\/v2\/media?parent=42170"}],"wp:term":[{"taxonomy":"category","embeddable":true,"href":"https:\/\/www2.comunitaria.com.br\/en\/wp-json\/wp\/v2\/categories?post=42170"},{"taxonomy":"post_tag","embeddable":true,"href":"https:\/\/www2.comunitaria.com.br\/en\/wp-json\/wp\/v2\/tags?post=42170"}],"curies":[{"name":"wp","href":"https:\/\/api.w.org\/{rel}","templated":true}]}}