{"id":42145,"date":"2020-08-27T15:17:57","date_gmt":"2020-08-27T17:17:57","guid":{"rendered":"http:\/\/www2.comunitaria.com.br\/?p=42145"},"modified":"2020-08-27T15:17:57","modified_gmt":"2020-08-27T17:17:57","slug":"maioria-dos-brasileiros-esta-insatisfeita-com-preservacao-da-amazonia","status":"publish","type":"post","link":"https:\/\/www2.comunitaria.com.br\/en\/maioria-dos-brasileiros-esta-insatisfeita-com-preservacao-da-amazonia\/","title":{"rendered":"Maioria dos brasileiros est\u00e1 insatisfeita com preserva\u00e7\u00e3o da Amaz\u00f4nia"},"content":{"rendered":"<p>Pesquisa divulgada hoje, 27, pela Federa\u00e7\u00e3o Brasileira de Bancos (Febraban) mostra que 83% da popula\u00e7\u00e3o brasileira est\u00e1 insatisfeita com a preserva\u00e7\u00e3o da Floresta Amaz\u00f4nica. Entre os sentimentos que a atual situa\u00e7\u00e3o do bioma evocam, o que mais apareceu foi tristeza (24%), seguido por indigna\u00e7\u00e3o (17%), esperan\u00e7a (17%) e medo (11%).<img decoding=\"async\" src=\"https:\/\/agenciabrasil.ebc.com.br\/ebc.png?id=1314964&amp;o=node\"><img decoding=\"async\" src=\"https:\/\/agenciabrasil.ebc.com.br\/ebc.gif?id=1314964&amp;o=node\"><\/p>\n<p>Para a elabora\u00e7\u00e3o da pesquisa, foram ouvidas 1,2 mil pessoas com mais de 18 anos de idade, em todas as regi\u00f5es do pa\u00eds, de ambos os sexos, com diferentes faixas de idade e renda. Al\u00e9m disso, foram ouvidas mais 300 pessoas especificamente dos estados que abrangem a Amaz\u00f4nia Legal.<\/p>\n<p>Sobre a import\u00e2ncia da floresta, 37% disseram que consideram a regi\u00e3o como \u201cpulm\u00e3o do mundo\u201d, ou seja, fundamental para manuten\u00e7\u00e3o da qualidade do ar. Enquanto 35% afirmaram que a floresta \u00e9 \u201ca maior riqueza natural do Brasil\u201d e 12% consideram que o bioma \u00e9 estrat\u00e9gico para a \u201cmanuten\u00e7\u00e3o do equil\u00edbrio do clima\u201d.<\/p>\n<h4>Queimadas e desmatamento<\/h4>\n<p>As queimadas e o desmatamento s\u00e3o o maior problema enfrentado pela floresta na opini\u00e3o de 44% dos brasileiros. O garimpo ilegal, a grilagem de terras e o tr\u00e1fico de drogas e armas foram apontados, cada um, por 12% da popula\u00e7\u00e3o como maiores desafios \u00e0 preserva\u00e7\u00e3o das matas e biodiversidade.<\/p>\n<p>O desmatamento aumentou nos \u00faltimos anos, na vis\u00e3o de 77% da popula\u00e7\u00e3o, enquanto 14% acreditam que o ritmo de derrubada da floresta permanece o mesmo. A extra\u00e7\u00e3o de madeira \u00e9 a maior respons\u00e1vel pelo desmatamento na opini\u00e3o de 48%, seguida pela grilagem de terras (14%), cria\u00e7\u00e3o de gado (11%) e garimpo ilegal (11%).<\/p>\n<p>Entre as preocupa\u00e7\u00f5es que a derrubada da floresta gera, 34% apontaram a perda de biodiversidade, com a morte de esp\u00e9cies de animais e plantas. Para 25%, o desmatamento impulsiona as mudan\u00e7as clim\u00e1ticas e o aquecimento global.<\/p>\n<h4>Combate<\/h4>\n<p>Em rela\u00e7\u00e3o \u00e0s medidas de combate \u00e0 destrui\u00e7\u00e3o, 83% disseram ser favor\u00e1veis ao endurecimento das puni\u00e7\u00f5es por desmatamento; 67% disseram ser contra a redu\u00e7\u00e3o das reservas ind\u00edgenas; e 86% contra a autoriza\u00e7\u00e3o de garimpo em territ\u00f3rios reservados aos povos tradicionais.<\/p>\n<p>As lideran\u00e7as ind\u00edgenas tiveram maior percentual de aprova\u00e7\u00e3o na sua atua\u00e7\u00e3o em rela\u00e7\u00e3o a floresta, com uma avalia\u00e7\u00e3o positiva por 73% da popula\u00e7\u00e3o. O Ex\u00e9rcito Brasileiro teve a segunda maior aprova\u00e7\u00e3o em suas a\u00e7\u00f5es na regi\u00e3o, com 69%.<\/p>\n<p>A respeito da soberania brasileira sobre a regi\u00e3o, 54% disseram que a comunidade internacional tem o direito de pressionar pela preserva\u00e7\u00e3o e 41% acreditam que outros pa\u00edses n\u00e3o devem opinar em rela\u00e7\u00e3o \u00e0s pol\u00edticas para a floresta.<\/p>\n<p><em>*Ag\u00eancia Brasil<\/em><br \/>\n<em>(Foto: Marcelo Camargo\/Ag\u00eancia Brasil)<\/em><\/p>","protected":false},"excerpt":{"rendered":"<p>Pesquisa divulgada hoje, 27, pela Federa\u00e7\u00e3o Brasileira de Bancos (Febraban) mostra que 83% da popula\u00e7\u00e3o brasileira est\u00e1 insatisfeita com a preserva\u00e7\u00e3o da Floresta Amaz\u00f4nica. Entre os sentimentos que a atual situa\u00e7\u00e3o do bioma evocam, o que mais apareceu foi tristeza (24%), seguido por indigna\u00e7\u00e3o (17%), esperan\u00e7a (17%) e medo (11%). Para a elabora\u00e7\u00e3o da pesquisa,<\/p>\n<div class=\"read-more-wrapper\"><a class=\"read-more\" href=\"https:\/\/www2.comunitaria.com.br\/en\/maioria-dos-brasileiros-esta-insatisfeita-com-preservacao-da-amazonia\/\" title=\"Read More\"> <span class=\"button\">Read More<\/span><\/a><\/div>","protected":false},"author":2,"featured_media":42147,"comment_status":"open","ping_status":"closed","sticky":false,"template":"","format":"standard","meta":{"ngg_post_thumbnail":0,"footnotes":""},"categories":[47,3615,33],"tags":[],"class_list":["post-42145","post","type-post","status-publish","format-standard","has-post-thumbnail","hentry","category-brasil","category-meio-ambiente","category-noticias"],"amp_enabled":true,"_links":{"self":[{"href":"https:\/\/www2.comunitaria.com.br\/en\/wp-json\/wp\/v2\/posts\/42145","targetHints":{"allow":["GET"]}}],"collection":[{"href":"https:\/\/www2.comunitaria.com.br\/en\/wp-json\/wp\/v2\/posts"}],"about":[{"href":"https:\/\/www2.comunitaria.com.br\/en\/wp-json\/wp\/v2\/types\/post"}],"author":[{"embeddable":true,"href":"https:\/\/www2.comunitaria.com.br\/en\/wp-json\/wp\/v2\/users\/2"}],"replies":[{"embeddable":true,"href":"https:\/\/www2.comunitaria.com.br\/en\/wp-json\/wp\/v2\/comments?post=42145"}],"version-history":[{"count":0,"href":"https:\/\/www2.comunitaria.com.br\/en\/wp-json\/wp\/v2\/posts\/42145\/revisions"}],"wp:featuredmedia":[{"embeddable":true,"href":"https:\/\/www2.comunitaria.com.br\/en\/wp-json\/wp\/v2\/media\/42147"}],"wp:attachment":[{"href":"https:\/\/www2.comunitaria.com.br\/en\/wp-json\/wp\/v2\/media?parent=42145"}],"wp:term":[{"taxonomy":"category","embeddable":true,"href":"https:\/\/www2.comunitaria.com.br\/en\/wp-json\/wp\/v2\/categories?post=42145"},{"taxonomy":"post_tag","embeddable":true,"href":"https:\/\/www2.comunitaria.com.br\/en\/wp-json\/wp\/v2\/tags?post=42145"}],"curies":[{"name":"wp","href":"https:\/\/api.w.org\/{rel}","templated":true}]}}