{"id":41985,"date":"2020-08-18T18:11:34","date_gmt":"2020-08-18T20:11:34","guid":{"rendered":"http:\/\/www2.comunitaria.com.br\/?p=41985"},"modified":"2020-08-18T18:13:10","modified_gmt":"2020-08-18T20:13:10","slug":"famurs-e-associacoes-debatem-em-assembleia-geral-resultado-da-pesquisa-sobre-retorno-das-aulas","status":"publish","type":"post","link":"https:\/\/www2.comunitaria.com.br\/en\/famurs-e-associacoes-debatem-em-assembleia-geral-resultado-da-pesquisa-sobre-retorno-das-aulas\/","title":{"rendered":"Famurs e Associa\u00e7\u00f5es debatem resultado da pesquisa sobre retorno das aulas"},"content":{"rendered":"<p>Em Assembleia Geral, realizada por videoconfer\u00eancia na manh\u00e3 desta ter\u00e7a-feira, 18, a Famurs e as associa\u00e7\u00f5es regionais debateram sobre o resultado da pesquisa sobre o retorno das aulas. Conforme levantamento da Federa\u00e7\u00e3o, 94% dos gestores s\u00e3o contra a proposta do governo do Estado em retomar as aulas presenciais dia 31 de agosto pela Educa\u00e7\u00e3o Infantil.<\/p>\n<p>\u201cN\u00f3s imagin\u00e1vamos que haveria rejei\u00e7\u00e3o da proposta de calend\u00e1rio do Estado, mas n\u00e3o que os n\u00fameros fossem t\u00e3o contundentes e fortes. Os n\u00fameros mostram a firmeza dos colegas do n\u00e3o retorno \u00e0s aulas\u201d, declarou o presidente da Famurs e prefeito de Taquari, Maneco Hassen.<\/p>\n<p>Para a Federa\u00e7\u00e3o, a posi\u00e7\u00e3o \u00e9 muito clara: voltar apenas quando for seguro para alunos e professores e, quando ocorrer, que seja retomado com os estudantes de maior idade, que cumprir\u00e3o os protocolos sanit\u00e1rios.<\/p>\n<p>A diretoria da Famurs sugeriu que seja apresentado ao Estado, na reuni\u00e3o desta quarta-feira, 19, o posicionamento contr\u00e1rio \u00e0 proposta de calend\u00e1rio, que n\u00e3o haja retorno das aulas neste momento e que o di\u00e1logo sobre o tema seja retomado apenas quando o n\u00famero de casos de covid-19 diminu\u00edrem de forma consistente. Outra sugest\u00e3o \u00e9 de que o governador assuma a responsabilidade de libera\u00e7\u00e3o das aulas, n\u00e3o transferindo a decis\u00e3o aos prefeitos.<\/p>\n<p>Conforme entendimento da Famurs, o retorno das aulas \u00e9 diferente do que o do com\u00e9rcio, em que s\u00e3o pessoas adultas retomando suas atividades e empresas com maiores responsabilidades. Ainda assim, os protocolos n\u00e3o s\u00e3o cumpridos de forma ideal e os munic\u00edpios enfrentam dificuldades para realizar a fiscaliza\u00e7\u00e3o.<\/p>\n<p>Com rela\u00e7\u00e3o a press\u00e3o das institui\u00e7\u00f5es particulares para reabertura, a sugest\u00e3o apresentada pela Famurs \u00e9 de que seja encaminhado ao governo, como alternativa, que o Banrisul abra uma linha de cr\u00e9dito para financiamento com juros subsidiados at\u00e9 o fim do ano.<\/p>\n<p>Durante a reuni\u00e3o, os presidentes das regionais tamb\u00e9m manifestaram o posicionamento das associa\u00e7\u00f5es a respeito do calend\u00e1rio de retorno das aulas, elencando as principais preocupa\u00e7\u00f5es dos munic\u00edpios.<\/p>\n<p><strong>Assuntos gerais<\/strong><\/p>\n<p>Os prefeitos tamb\u00e9m retomaram o di\u00e1logo sobre as reformas tribut\u00e1rias estadual e federal. A Famurs, atrav\u00e9s da \u00e1rea t\u00e9cnica de Receitas Municipais, e o Conselho dos Secret\u00e1rios Municipais de Fazenda e Finan\u00e7as do Rio Grande do Sul (CONSEF\/RS) devem apresentar, em uma pr\u00f3xima reuni\u00e3o, estudos sobre os impactos financeiros da reforma estadual.<\/p>\n<p>Tamb\u00e9m foi pauta do encontro as mudan\u00e7as e melhorias no atendimento prestado pela Escola de Gest\u00e3o P\u00fablica da Famurs, a partir de uma parceria com a Universidade Federal do Rio Grande do Sul (UFRGS), para ampliar os cursos \u00e0 dist\u00e2ncia, e moderniza\u00e7\u00e3o dos equipamentos para realiza\u00e7\u00e3o de cursos e lives.<\/p>\n<p><em>*Com informa\u00e7\u00f5es Famurs<br \/>\n(Foto: Ascom)<\/em><\/p>","protected":false},"excerpt":{"rendered":"<p>Em Assembleia Geral, realizada por videoconfer\u00eancia na manh\u00e3 desta ter\u00e7a-feira, 18, a Famurs e as associa\u00e7\u00f5es regionais debateram sobre o resultado da pesquisa sobre o retorno das aulas. Conforme levantamento&#8230;<\/p>","protected":false},"author":2,"featured_media":41987,"comment_status":"open","ping_status":"closed","sticky":false,"template":"","format":"standard","meta":{"ngg_post_thumbnail":0,"footnotes":""},"categories":[33,43],"tags":[],"class_list":["post-41985","post","type-post","status-publish","format-standard","has-post-thumbnail","hentry","category-noticias","category-regiao"],"amp_enabled":true,"_links":{"self":[{"href":"https:\/\/www2.comunitaria.com.br\/en\/wp-json\/wp\/v2\/posts\/41985","targetHints":{"allow":["GET"]}}],"collection":[{"href":"https:\/\/www2.comunitaria.com.br\/en\/wp-json\/wp\/v2\/posts"}],"about":[{"href":"https:\/\/www2.comunitaria.com.br\/en\/wp-json\/wp\/v2\/types\/post"}],"author":[{"embeddable":true,"href":"https:\/\/www2.comunitaria.com.br\/en\/wp-json\/wp\/v2\/users\/2"}],"replies":[{"embeddable":true,"href":"https:\/\/www2.comunitaria.com.br\/en\/wp-json\/wp\/v2\/comments?post=41985"}],"version-history":[{"count":0,"href":"https:\/\/www2.comunitaria.com.br\/en\/wp-json\/wp\/v2\/posts\/41985\/revisions"}],"wp:featuredmedia":[{"embeddable":true,"href":"https:\/\/www2.comunitaria.com.br\/en\/wp-json\/wp\/v2\/media\/41987"}],"wp:attachment":[{"href":"https:\/\/www2.comunitaria.com.br\/en\/wp-json\/wp\/v2\/media?parent=41985"}],"wp:term":[{"taxonomy":"category","embeddable":true,"href":"https:\/\/www2.comunitaria.com.br\/en\/wp-json\/wp\/v2\/categories?post=41985"},{"taxonomy":"post_tag","embeddable":true,"href":"https:\/\/www2.comunitaria.com.br\/en\/wp-json\/wp\/v2\/tags?post=41985"}],"curies":[{"name":"wp","href":"https:\/\/api.w.org\/{rel}","templated":true}]}}