{"id":41946,"date":"2020-08-14T17:48:46","date_gmt":"2020-08-14T19:48:46","guid":{"rendered":"http:\/\/www2.comunitaria.com.br\/?p=41946"},"modified":"2020-08-14T17:48:46","modified_gmt":"2020-08-14T19:48:46","slug":"desemprego-na-pandemia-continua-subindo-e-chega-a-137","status":"publish","type":"post","link":"https:\/\/www2.comunitaria.com.br\/en\/desemprego-na-pandemia-continua-subindo-e-chega-a-137\/","title":{"rendered":"Desemprego na pandemia continua subindo e chega a 13,7%"},"content":{"rendered":"<div class=\"post-item-wrap\">\n<p>Nos \u00faltimos quatro meses, em que o pa\u00eds passa pela pandemia de covid-19, cerca de 3 milh\u00f5es de pessoas ficaram sem trabalho. Na quarta semana de julho, a taxa de desocupa\u00e7\u00e3o chegou a 13,7%, o que corresponde a 12,9 milh\u00f5es de pessoas. Os dados s\u00e3o da edi\u00e7\u00e3o semanal da Pesquisa Nacional por Amostra de Domic\u00edlio (Pnad) Covid-19, divulgada hoje, 14, pelo Instituto Brasileiro de Geografia e Estat\u00edstica (IBGE).<img decoding=\"async\" src=\"https:\/\/agenciabrasil.ebc.com.br\/ebc.png?id=1313711&amp;o=node\"><img decoding=\"async\" src=\"https:\/\/agenciabrasil.ebc.com.br\/ebc.gif?id=1313711&amp;o=node\"><\/p>\n<p>Quando a pesquisa teve in\u00edcio, na primeira semana&nbsp;de maio, eram 9,8 milh\u00f5es de pessoas desocupadas. Na compara\u00e7\u00e3o com a terceira semana&nbsp;de julho, houve aumento de 550 mil pessoas entre os desocupados. A popula\u00e7\u00e3o ocupada do pa\u00eds foi estimada em 81,2 milh\u00f5es, est\u00e1vel em rela\u00e7\u00e3o \u00e0 semana anterior e com&nbsp;queda em rela\u00e7\u00e3o \u00e0 semana de 3 a&nbsp;9 de maio, quando 83,9 milh\u00f5es de pessoas entravam nessa categoria.<\/p>\n<p>De acordo com a coordenadora da pesquisa, Maria L\u00facia Vieira, os demais dados relacionados a trabalho ficaram est\u00e1veis na compara\u00e7\u00e3o com a semana anterior, apesar da varia\u00e7\u00e3o em rela\u00e7\u00e3o a maio.<\/p>\n<p>\u201cComparando com o in\u00edcio da pesquisa, o saldo da investiga\u00e7\u00e3o \u00e9 que a popula\u00e7\u00e3o ocupada est\u00e1 menor&nbsp;em 2,9 milh\u00f5es de pessoas. A popula\u00e7\u00e3o desocupada est\u00e1 maior, pouco mais de 3 milh\u00f5es. E a taxa de desocupa\u00e7\u00e3o tamb\u00e9m est\u00e1 maior em 3,2 pontos percentuais. Isso num contexto em que a popula\u00e7\u00e3o informal vem caindo tamb\u00e9m\u201d.<\/p>\n<p>Ap\u00f3s queda na semana anterior, o n\u00famero de pessoas que estavam temporariamente afastadas do trabalho por causa do distanciamento social voltou a crescer e somou 5,8 milh\u00f5es, o que representa 7,1% da popula\u00e7\u00e3o ocupada. No in\u00edcio&nbsp;de maio&nbsp;eram 16,6 milh\u00f5es de pessoas afastadas do trabalho, o que representava&nbsp;19,8%. O trabalho remoto est\u00e1 sendo exercido por 8,3 milh\u00f5es de profissionais (11,5%), apenas 300 mil a menos do que no in\u00edcio da pesquisa.<\/p>\n<p>O grupo de pessoas que gostaria de trabalhar, mas n\u00e3o procurou emprego por causa da pandemia ou por falta de trabalho perto de casa, somou 18,5 milh\u00f5es. A informalidade atinge 27,2 milh\u00f5es de pessoas, 2,7 milh\u00f5es a menos do que no in\u00edcio&nbsp;de maio. A taxa est\u00e1 em 33,5%, 1 ponto percentual acima do registrado na terceira semana&nbsp;de julho.<\/p>\n<p>Maria L\u00facia explica que entre os informais est\u00e3o os empregados do setor privado e trabalhadores&nbsp;dom\u00e9sticos sem carteira assinada; empregadores e trabalhadores por conta pr\u00f3pria que n\u00e3o contribuem para o INSS; e trabalhadores n\u00e3o remunerados que ajudam morador do domic\u00edlio ou parente.<\/p>\n<p>\u201cVimos na divulga\u00e7\u00e3o da semana passada que essa popula\u00e7\u00e3o tinha ca\u00eddo. \u00c9 uma for\u00e7a de trabalho que oscila bastante nessas compara\u00e7\u00f5es curtas. As pessoas entram e saem da for\u00e7a de trabalho com muita facilidade. Com mais facilidade que a popula\u00e7\u00e3o ocupada, que \u00e9 formalizada\u201d.<\/p>\n<p>A popula\u00e7\u00e3o fora da for\u00e7a de trabalho era de 76 milh\u00f5es de pessoas, est\u00e1vel em rela\u00e7\u00e3o \u00e0 semana anterior e ao in\u00edcio da pesquisa. Desses, 36,9% disseram que gostariam de trabalhar.<\/p>\n<h4>Sa\u00fade<\/h4>\n<p>Em rela\u00e7\u00e3o aos sintomas de covid-19, a pesquisa mostra que dos 13,3 milh\u00f5es de pessoas que se queixaram de s\u00edndrome gripal, 3,3 milh\u00f5es buscaram atendimento m\u00e9dico na semana de refer\u00eancia, sendo que 14,5% ficaram internadas, num total de 159 mil. No in\u00edcio&nbsp;de maio, 26,8 milh\u00f5es relataram algum sintoma.<\/p>\n<p>A queixa mais comum foi a dor de cabe\u00e7a (6 milh\u00f5es de pessoas), seguida por nariz entupido ou escorrendo (5,2 milh\u00f5es), tosse (4,7 milh\u00f5es), dor muscular (3,4 milh\u00f5es), dor de garganta (3,8 milh\u00f5es), fadiga (2,3 milh\u00f5es), perda de olfato e paladar (1,8 milh\u00e3o), dificuldade de respirar (1,7 milh\u00e3o) e dor nos olhos (1,4 milh\u00e3o).<\/p>\n<p>Entre os 3,3 milh\u00f5es de pessoas que buscaram atendimento, 42,2% foram a postos de sa\u00fade p\u00fablicos, 20,2% a&nbsp;prontos-socorros e 19,9% a&nbsp;hospitais do Sistema \u00danico de Sa\u00fade (SUS). Atendimento ambulatorial na rede privada ou militar foi procurado por 7,3%, enquanto 3,7% buscaram prontos-socorros privados e 13,7% para hospitais privados.<\/p>\n<p>Na quarta semana&nbsp;de julho, 75,7% dos participantes da pesquisa n\u00e3o procuraram estabelecimento de sa\u00fade, mas 58,9% tomaram rem\u00e9dio por conta pr\u00f3pria. Outros 10,8% se medicaram com orienta\u00e7\u00e3o m\u00e9dica, 3,2% ligaram para algum profissional de sa\u00fade e 3,1% receberam visita de profissional de sa\u00fade do SUS.<\/p>\n<\/div>\n<p class=\"alt-font font-italic my-2 small text-info\"><em>*Ag\u00eancia Brasil<\/em><\/p>","protected":false},"excerpt":{"rendered":"<p>Nos \u00faltimos quatro meses, em que o pa\u00eds passa pela pandemia de covid-19, cerca de 3 milh\u00f5es de pessoas ficaram sem trabalho. Na quarta semana de julho, a taxa de desocupa\u00e7\u00e3o chegou a 13,7%, o que corresponde a 12,9 milh\u00f5es de pessoas. Os dados s\u00e3o da edi\u00e7\u00e3o semanal da Pesquisa Nacional por Amostra de Domic\u00edlio<\/p>\n<div class=\"read-more-wrapper\"><a class=\"read-more\" href=\"https:\/\/www2.comunitaria.com.br\/en\/desemprego-na-pandemia-continua-subindo-e-chega-a-137\/\" title=\"Read More\"> <span class=\"button\">Read More<\/span><\/a><\/div>","protected":false},"author":2,"featured_media":41842,"comment_status":"open","ping_status":"closed","sticky":false,"template":"","format":"standard","meta":{"ngg_post_thumbnail":0,"footnotes":""},"categories":[47,39,33],"tags":[],"class_list":["post-41946","post","type-post","status-publish","format-standard","has-post-thumbnail","hentry","category-brasil","category-economia","category-noticias"],"amp_enabled":true,"_links":{"self":[{"href":"https:\/\/www2.comunitaria.com.br\/en\/wp-json\/wp\/v2\/posts\/41946","targetHints":{"allow":["GET"]}}],"collection":[{"href":"https:\/\/www2.comunitaria.com.br\/en\/wp-json\/wp\/v2\/posts"}],"about":[{"href":"https:\/\/www2.comunitaria.com.br\/en\/wp-json\/wp\/v2\/types\/post"}],"author":[{"embeddable":true,"href":"https:\/\/www2.comunitaria.com.br\/en\/wp-json\/wp\/v2\/users\/2"}],"replies":[{"embeddable":true,"href":"https:\/\/www2.comunitaria.com.br\/en\/wp-json\/wp\/v2\/comments?post=41946"}],"version-history":[{"count":0,"href":"https:\/\/www2.comunitaria.com.br\/en\/wp-json\/wp\/v2\/posts\/41946\/revisions"}],"wp:featuredmedia":[{"embeddable":true,"href":"https:\/\/www2.comunitaria.com.br\/en\/wp-json\/wp\/v2\/media\/41842"}],"wp:attachment":[{"href":"https:\/\/www2.comunitaria.com.br\/en\/wp-json\/wp\/v2\/media?parent=41946"}],"wp:term":[{"taxonomy":"category","embeddable":true,"href":"https:\/\/www2.comunitaria.com.br\/en\/wp-json\/wp\/v2\/categories?post=41946"},{"taxonomy":"post_tag","embeddable":true,"href":"https:\/\/www2.comunitaria.com.br\/en\/wp-json\/wp\/v2\/tags?post=41946"}],"curies":[{"name":"wp","href":"https:\/\/api.w.org\/{rel}","templated":true}]}}