{"id":41914,"date":"2020-08-12T18:11:24","date_gmt":"2020-08-12T20:11:24","guid":{"rendered":"http:\/\/www2.comunitaria.com.br\/?p=41914"},"modified":"2020-08-12T18:18:53","modified_gmt":"2020-08-12T20:18:53","slug":"presidio-de-fw-e-interditado-devido-a-surto-de-covid-19","status":"publish","type":"post","link":"https:\/\/www2.comunitaria.com.br\/en\/presidio-de-fw-e-interditado-devido-a-surto-de-covid-19\/","title":{"rendered":"Pres\u00eddio de FW \u00e9 interditado devido a surto de Covid-19"},"content":{"rendered":"<p><span style=\"font-weight: 400;\">O Pres\u00eddio Estadual de Frederico Westphalen foi interditado na segunda-feira, 10, ap\u00f3s registar um surto de Covid-19 entre os apenados. A assessoria de comunica\u00e7\u00e3o da Superintend\u00eancia dos Servi\u00e7os Penitenci\u00e1rios (Susepe) confirmou que 9 apenados infectados estariam em celas de isolamento, todos sem sintomas.<\/span><\/p>\n<p><span style=\"font-weight: 400;\">No boletim di\u00e1rio Covid-19 no Sistema Prisional, divulgado pela Susepe e a Secretaria da Administra\u00e7\u00e3o Penitenci\u00e1ria (Seapen), na ter\u00e7a-feira, 11, contabiliza 11 presos detectados em acompanhamento e quatro suspeitos da doen\u00e7a no munic\u00edpio.<\/span><\/p>\n<p><span style=\"font-weight: 400;\">Durante o per\u00edodo de interdi\u00e7\u00e3o, novos presos ser\u00e3o encaminhados para o Pres\u00eddio Estadual de Ira\u00ed. Ainda de acordo com a assessoria, todos os presos infectados vieram de delegacias, j\u00e1 que os presos do Estado ficam em quarentena por 14 dias antes de serem encaminhados para as alas da casa prisional.&nbsp;<\/span><\/p>\n<p><span style=\"font-weight: 400;\">A informa\u00e7\u00e3o que um dos apenados teria morrido em decorr\u00eancia da doen\u00e7a, no pres\u00eddio de Frederico Westphalen, n\u00e3o foi confirmada pela Assessoria da Susepe. O boletim registra 5 \u00f3bitos no Rio Grande do Sul, segundo a assessoria, tr\u00eas na Penitenci\u00e1ria Estadual do Jacu\u00ed, um na casa prisional de Lajeado e um em cadeia p\u00fablica.<\/span><\/p>\n<p>&nbsp;<\/p>\n<p><em>(Foto: CP)<\/em><\/p>\n<p>&nbsp;<\/p>","protected":false},"excerpt":{"rendered":"<p>O Pres\u00eddio Estadual de Frederico Westphalen foi interditado na segunda-feira, 10, ap\u00f3s registar um surto de Covid-19 entre os apenados. A assessoria de comunica\u00e7\u00e3o da Superintend\u00eancia dos Servi\u00e7os Penitenci\u00e1rios (Susepe) confirmou que 9 apenados infectados estariam em celas de isolamento, todos sem sintomas. No boletim di\u00e1rio Covid-19 no Sistema Prisional, divulgado pela Susepe e a<\/p>\n<div class=\"read-more-wrapper\"><a class=\"read-more\" href=\"https:\/\/www2.comunitaria.com.br\/en\/presidio-de-fw-e-interditado-devido-a-surto-de-covid-19\/\" title=\"Read More\"> <span class=\"button\">Read More<\/span><\/a><\/div>","protected":false},"author":2,"featured_media":41916,"comment_status":"open","ping_status":"closed","sticky":false,"template":"","format":"standard","meta":{"ngg_post_thumbnail":0,"footnotes":""},"categories":[42,28,33],"tags":[],"class_list":["post-41914","post","type-post","status-publish","format-standard","has-post-thumbnail","hentry","category-fred-west","category-destaque","category-noticias"],"amp_enabled":true,"_links":{"self":[{"href":"https:\/\/www2.comunitaria.com.br\/en\/wp-json\/wp\/v2\/posts\/41914","targetHints":{"allow":["GET"]}}],"collection":[{"href":"https:\/\/www2.comunitaria.com.br\/en\/wp-json\/wp\/v2\/posts"}],"about":[{"href":"https:\/\/www2.comunitaria.com.br\/en\/wp-json\/wp\/v2\/types\/post"}],"author":[{"embeddable":true,"href":"https:\/\/www2.comunitaria.com.br\/en\/wp-json\/wp\/v2\/users\/2"}],"replies":[{"embeddable":true,"href":"https:\/\/www2.comunitaria.com.br\/en\/wp-json\/wp\/v2\/comments?post=41914"}],"version-history":[{"count":0,"href":"https:\/\/www2.comunitaria.com.br\/en\/wp-json\/wp\/v2\/posts\/41914\/revisions"}],"wp:featuredmedia":[{"embeddable":true,"href":"https:\/\/www2.comunitaria.com.br\/en\/wp-json\/wp\/v2\/media\/41916"}],"wp:attachment":[{"href":"https:\/\/www2.comunitaria.com.br\/en\/wp-json\/wp\/v2\/media?parent=41914"}],"wp:term":[{"taxonomy":"category","embeddable":true,"href":"https:\/\/www2.comunitaria.com.br\/en\/wp-json\/wp\/v2\/categories?post=41914"},{"taxonomy":"post_tag","embeddable":true,"href":"https:\/\/www2.comunitaria.com.br\/en\/wp-json\/wp\/v2\/tags?post=41914"}],"curies":[{"name":"wp","href":"https:\/\/api.w.org\/{rel}","templated":true}]}}