{"id":41678,"date":"2020-07-27T17:37:49","date_gmt":"2020-07-27T19:37:49","guid":{"rendered":"http:\/\/www2.comunitaria.com.br\/?p=41678"},"modified":"2020-07-27T17:38:06","modified_gmt":"2020-07-27T19:38:06","slug":"universidades-federais-conduzem-1-260-pesquisas-sobre-covid-19","status":"publish","type":"post","link":"https:\/\/www2.comunitaria.com.br\/en\/universidades-federais-conduzem-1-260-pesquisas-sobre-covid-19\/","title":{"rendered":"Universidades federais conduzem 1.260 pesquisas sobre Covid-19"},"content":{"rendered":"<p>Levantamento da Associa\u00e7\u00e3o Nacional dos Dirigentes das Institui\u00e7\u00f5es Federais de Ensino Superior (Andifes) indica que 1.260 pesquisas sobre covid-19 est\u00e3o sendo conduzidas em universidades federais de todo o pa\u00eds. O n\u00famero \u00e9 bastante superior ao contabilizado em maio, de 823, salientando que o protagonismo da ci\u00eancia tem ganhado for\u00e7a durante a pandemia do novo coronav\u00edrus. Para o c\u00e1lculo, foram consideradas as respostas que 68 institui\u00e7\u00f5es encaminharam \u00e0 entidade.<img decoding=\"async\" src=\"https:\/\/agenciabrasil.ebc.com.br\/ebc.png?id=1312353&amp;o=node\"><img decoding=\"async\" src=\"https:\/\/agenciabrasil.ebc.com.br\/ebc.gif?id=1312353&amp;o=node\"><\/p>\n<p>O empenho dos pesquisadores tem resultado tamb\u00e9m em outras a\u00e7\u00f5es, como a testagem para detec\u00e7\u00e3o da doen\u00e7a infecciosa. J\u00e1 se contam 71 atividades desse tipo, que totalizaram 56.956 testes.<\/p>\n<p>Outra contribui\u00e7\u00e3o das universidades federais \u00e9 referente ao tratamento de pacientes. O total de leitos pr\u00f3prios das institui\u00e7\u00f5es, somado ao de leitos viabilizados em parcerias para a constru\u00e7\u00e3o e a operacionaliza\u00e7\u00e3o de hospitais de campanha, \u00e9 de 2.502, sendo 656 de unidade de terapia intensiva (UTI).<\/p>\n<p>Para as universidades p\u00fablicas, uma via escolhida para atender a popula\u00e7\u00e3o quanto \u00e0s demandas pr\u00f3prias da pandemia consiste em formar redes com a participa\u00e7\u00e3o de gestores locais. Ao todo, j\u00e1 foram firmadas 255 parcerias com prefeituras e 112 parcerias com governos estaduais.<\/p>\n<p>Al\u00e9m disso, as comunidades acad\u00eamicas est\u00e3o dedicando tempo \u00e0 produ\u00e7\u00e3o de equipamentos de prote\u00e7\u00e3o individual (EPI). Segundo o balan\u00e7o da Andifes, j\u00e1 s\u00e3o 251.034 protetores faciais, 103.848 m\u00e1scaras de pano, 12,5 mil viseiras de prote\u00e7\u00e3o, 29 mil pares de luvas, 20,2 mil unidades diversas, 6,6 mil aventais, 2 mil capuzes e 10 mil toucas, que se somam a 300 sacos de lixo de 100 litros de capacidade, 227 sondas nasotraqueais, 1.028.108 litros de \u00e1lcool gel e 915 mil litros de \u00e1lcool l\u00edquido.<\/p>\n<p>O poder de mobiliza\u00e7\u00e3o das universidades tamb\u00e9m fica evidente ao se analisar a quantidade de campanhas educativas promovidas por essas institui\u00e7\u00f5es, que chegam a 1.226. Paralelamente, as institui\u00e7\u00f5es organizaram 482 a\u00e7\u00f5es solid\u00e1rias.<\/p>\n<p><em>*Ag\u00eancia Brasil<br \/>\n(Foto: Ac\u00e1cio Pinheiro)<\/em><\/p>","protected":false},"excerpt":{"rendered":"<p>Levantamento da Associa\u00e7\u00e3o Nacional dos Dirigentes das Institui\u00e7\u00f5es Federais de Ensino Superior (Andifes) indica que 1.260 pesquisas sobre covid-19 est\u00e3o sendo conduzidas em universidades federais de todo o pa\u00eds. O&#8230;<\/p>","protected":false},"author":2,"featured_media":41680,"comment_status":"open","ping_status":"closed","sticky":false,"template":"","format":"standard","meta":{"ngg_post_thumbnail":0,"footnotes":""},"categories":[47,33],"tags":[],"class_list":["post-41678","post","type-post","status-publish","format-standard","has-post-thumbnail","hentry","category-brasil","category-noticias"],"amp_enabled":true,"_links":{"self":[{"href":"https:\/\/www2.comunitaria.com.br\/en\/wp-json\/wp\/v2\/posts\/41678","targetHints":{"allow":["GET"]}}],"collection":[{"href":"https:\/\/www2.comunitaria.com.br\/en\/wp-json\/wp\/v2\/posts"}],"about":[{"href":"https:\/\/www2.comunitaria.com.br\/en\/wp-json\/wp\/v2\/types\/post"}],"author":[{"embeddable":true,"href":"https:\/\/www2.comunitaria.com.br\/en\/wp-json\/wp\/v2\/users\/2"}],"replies":[{"embeddable":true,"href":"https:\/\/www2.comunitaria.com.br\/en\/wp-json\/wp\/v2\/comments?post=41678"}],"version-history":[{"count":0,"href":"https:\/\/www2.comunitaria.com.br\/en\/wp-json\/wp\/v2\/posts\/41678\/revisions"}],"wp:featuredmedia":[{"embeddable":true,"href":"https:\/\/www2.comunitaria.com.br\/en\/wp-json\/wp\/v2\/media\/41680"}],"wp:attachment":[{"href":"https:\/\/www2.comunitaria.com.br\/en\/wp-json\/wp\/v2\/media?parent=41678"}],"wp:term":[{"taxonomy":"category","embeddable":true,"href":"https:\/\/www2.comunitaria.com.br\/en\/wp-json\/wp\/v2\/categories?post=41678"},{"taxonomy":"post_tag","embeddable":true,"href":"https:\/\/www2.comunitaria.com.br\/en\/wp-json\/wp\/v2\/tags?post=41678"}],"curies":[{"name":"wp","href":"https:\/\/api.w.org\/{rel}","templated":true}]}}