{"id":4166,"date":"2015-06-26T17:22:27","date_gmt":"2015-06-26T19:22:27","guid":{"rendered":"http:\/\/www2.comunitaria.com.br\/?p=4166"},"modified":"2015-06-26T17:22:27","modified_gmt":"2015-06-26T19:22:27","slug":"varal-solidario-sera-realizado-com-donativos-arrecadados-na-campanha-do-agasalho-2015","status":"publish","type":"post","link":"https:\/\/www2.comunitaria.com.br\/en\/varal-solidario-sera-realizado-com-donativos-arrecadados-na-campanha-do-agasalho-2015\/","title":{"rendered":"Varal Solid\u00e1rio ser\u00e1 realizado com donativos arrecadados na campanha do agasalho 2015"},"content":{"rendered":"<p>Realizado pelo Gabinete da Primeira-Dama e Secretaria Municipal de Assist\u00eancia Social e Habita\u00e7\u00e3o de Frederico Westphalen, a campanha do agasalho 2015 encerra neste s\u00e1bado, 27 de junho. Com o slogan \u201cA f\u00e9 que move \u00e9 a mesma que aquece\u201d, a campanha do agasalho deste ano superou o n\u00famero de doa\u00e7\u00f5es de anos anteriores, sendo arrecadado mais de 5 mil pe\u00e7as.<\/p>\n<p>De acordo com a Assistente Social, Elizete Buzatto, \u201ca campanha do agasalho \u00e9 muito importante, pois tem muitas  pessoas que esperam por esse momento, aquilo que ocupa espa\u00e7o na casa da gente vai ser \u00fatil para outras pessoas, porque muita roupa boa \u00e9 doada para a campanha\u201d.<br \/>\nNa pr\u00f3xima semana, ser\u00e1 realizado no Pavilh\u00e3o da Etnia Polononesa, no Parque de Exposi\u00e7\u00f5es do munic\u00edpio, um varal solid\u00e1rio durante 3 dias, onde os donativos arrecadados ser\u00e3o expostos para a popula\u00e7\u00e3o. <\/p>\n<p>A distribui\u00e7\u00e3o ocorre nos dias 29 e 30 de junho, das 8h30 at\u00e9 \u00e0s 12h e das 13h30 at\u00e9 \u00e0s 17 horas, com intervalo ao meio dia. Cada grupo de pessoas ter\u00e1 um tempo determinado para entrar no local e escolher o que lhe for necess\u00e1rio.<\/p>\n<p>S\u00e3o parceiros da Campanha do agasalho 2015, APAE, Defesa Civil, Torcida Organizada do Uni\u00e3o, Mangua\u00e7a e Cia, Vicentinos, N\u00e3o Vai no Olho, Rotaracty, Rotary Colina, Schoenstatt, Autom\u00f3vel Clube, CLJ, Secretarias Municipais, Trilheiros do Barril, Lions, Brigada Militar, Fredi Kart Clube, Amigas do HDP, Interact e secretarias, Interact e Fred Moto Clube. <\/p>\n<p> &#8212;<br \/>\nAssessoria de Comunica\u00e7\u00e3o &#8211; ASCOM<\/p>","protected":false},"excerpt":{"rendered":"<p>Realizado pelo Gabinete da Primeira-Dama e Secretaria Municipal de Assist\u00eancia Social e Habita\u00e7\u00e3o de Frederico Westphalen, a campanha do agasalho 2015 encerra neste s\u00e1bado, 27 de junho. Com o slogan&#8230;<\/p>","protected":false},"author":2,"featured_media":4167,"comment_status":"open","ping_status":"closed","sticky":false,"template":"","format":"standard","meta":{"ngg_post_thumbnail":0,"footnotes":""},"categories":[42,28,33],"tags":[1010,416,1025],"class_list":["post-4166","post","type-post","status-publish","format-standard","has-post-thumbnail","hentry","category-fred-west","category-destaque","category-noticias","tag-campanha-do-agasalho","tag-doacoes","tag-varal-da-solidariedade"],"amp_enabled":true,"_links":{"self":[{"href":"https:\/\/www2.comunitaria.com.br\/en\/wp-json\/wp\/v2\/posts\/4166","targetHints":{"allow":["GET"]}}],"collection":[{"href":"https:\/\/www2.comunitaria.com.br\/en\/wp-json\/wp\/v2\/posts"}],"about":[{"href":"https:\/\/www2.comunitaria.com.br\/en\/wp-json\/wp\/v2\/types\/post"}],"author":[{"embeddable":true,"href":"https:\/\/www2.comunitaria.com.br\/en\/wp-json\/wp\/v2\/users\/2"}],"replies":[{"embeddable":true,"href":"https:\/\/www2.comunitaria.com.br\/en\/wp-json\/wp\/v2\/comments?post=4166"}],"version-history":[{"count":0,"href":"https:\/\/www2.comunitaria.com.br\/en\/wp-json\/wp\/v2\/posts\/4166\/revisions"}],"wp:featuredmedia":[{"embeddable":true,"href":"https:\/\/www2.comunitaria.com.br\/en\/wp-json\/wp\/v2\/media\/4167"}],"wp:attachment":[{"href":"https:\/\/www2.comunitaria.com.br\/en\/wp-json\/wp\/v2\/media?parent=4166"}],"wp:term":[{"taxonomy":"category","embeddable":true,"href":"https:\/\/www2.comunitaria.com.br\/en\/wp-json\/wp\/v2\/categories?post=4166"},{"taxonomy":"post_tag","embeddable":true,"href":"https:\/\/www2.comunitaria.com.br\/en\/wp-json\/wp\/v2\/tags?post=4166"}],"curies":[{"name":"wp","href":"https:\/\/api.w.org\/{rel}","templated":true}]}}