{"id":41567,"date":"2020-07-19T18:24:22","date_gmt":"2020-07-19T20:24:22","guid":{"rendered":"http:\/\/www2.comunitaria.com.br\/?p=41567"},"modified":"2020-07-19T18:45:34","modified_gmt":"2020-07-19T20:45:34","slug":"covid-19-fw-registra-sexta-morte","status":"publish","type":"post","link":"https:\/\/www2.comunitaria.com.br\/en\/covid-19-fw-registra-sexta-morte\/","title":{"rendered":"Covid-19: FW registra sexta morte"},"content":{"rendered":"<p>O Boletim do Coronav\u00edrus de Frederico Westphalen, atualizado neste domingo, 19, com dados da Secretaria Municipal da Sa\u00fade e do Hospital Divina Provid\u00eancia (HDP), registrou a sexta morte por Covid-19.<\/p>\n<p>De acordo com a Prefeitura, o paciente tinha 79 anos e estava internado em leito cl\u00ednico no HDP. Essa \u00e9 a sexta morte registrada no munic\u00edpio. Ao todo, o boletim confirma sete \u00f3bitos, sendo um de uma paciente de Trindade do Sul, que estava internada no HDP.<\/p>\n<p><a href=\"http:\/\/www2.comunitaria.com.br\/en\/covid-19-fw-registra-sexta-morte\/fb_img_1595189864178\/\" rel=\"attachment wp-att-41568\"><img loading=\"lazy\" decoding=\"async\" class=\"aligncenter wp-image-41568\" src=\"http:\/\/www2.comunitaria.com.br\/wp-content\/uploads\/2020\/07\/FB_IMG_1595189864178.jpg\" alt=\"\" width=\"463\" height=\"463\" srcset=\"https:\/\/www2.comunitaria.com.br\/wp-content\/uploads\/2020\/07\/FB_IMG_1595189864178.jpg 720w, https:\/\/www2.comunitaria.com.br\/wp-content\/uploads\/2020\/07\/FB_IMG_1595189864178-150x150.jpg 150w, https:\/\/www2.comunitaria.com.br\/wp-content\/uploads\/2020\/07\/FB_IMG_1595189864178-300x300.jpg 300w, https:\/\/www2.comunitaria.com.br\/wp-content\/uploads\/2020\/07\/FB_IMG_1595189864178-65x65.jpg 65w\" sizes=\"auto, (max-width: 463px) 100vw, 463px\" \/><\/a><\/p>","protected":false},"excerpt":{"rendered":"<p>O Boletim do Coronav\u00edrus de Frederico Westphalen, atualizado neste domingo, 19, com dados da Secretaria Municipal da Sa\u00fade e do Hospital Divina Provid\u00eancia (HDP), registrou a sexta morte por Covid-19&#8230;.<\/p>","protected":false},"author":2,"featured_media":41568,"comment_status":"open","ping_status":"closed","sticky":false,"template":"","format":"standard","meta":{"ngg_post_thumbnail":0,"footnotes":""},"categories":[28,33],"tags":[],"class_list":["post-41567","post","type-post","status-publish","format-standard","has-post-thumbnail","hentry","category-destaque","category-noticias"],"amp_enabled":true,"_links":{"self":[{"href":"https:\/\/www2.comunitaria.com.br\/en\/wp-json\/wp\/v2\/posts\/41567","targetHints":{"allow":["GET"]}}],"collection":[{"href":"https:\/\/www2.comunitaria.com.br\/en\/wp-json\/wp\/v2\/posts"}],"about":[{"href":"https:\/\/www2.comunitaria.com.br\/en\/wp-json\/wp\/v2\/types\/post"}],"author":[{"embeddable":true,"href":"https:\/\/www2.comunitaria.com.br\/en\/wp-json\/wp\/v2\/users\/2"}],"replies":[{"embeddable":true,"href":"https:\/\/www2.comunitaria.com.br\/en\/wp-json\/wp\/v2\/comments?post=41567"}],"version-history":[{"count":0,"href":"https:\/\/www2.comunitaria.com.br\/en\/wp-json\/wp\/v2\/posts\/41567\/revisions"}],"wp:featuredmedia":[{"embeddable":true,"href":"https:\/\/www2.comunitaria.com.br\/en\/wp-json\/wp\/v2\/media\/41568"}],"wp:attachment":[{"href":"https:\/\/www2.comunitaria.com.br\/en\/wp-json\/wp\/v2\/media?parent=41567"}],"wp:term":[{"taxonomy":"category","embeddable":true,"href":"https:\/\/www2.comunitaria.com.br\/en\/wp-json\/wp\/v2\/categories?post=41567"},{"taxonomy":"post_tag","embeddable":true,"href":"https:\/\/www2.comunitaria.com.br\/en\/wp-json\/wp\/v2\/tags?post=41567"}],"curies":[{"name":"wp","href":"https:\/\/api.w.org\/{rel}","templated":true}]}}