{"id":41544,"date":"2020-07-16T17:15:46","date_gmt":"2020-07-16T19:15:46","guid":{"rendered":"http:\/\/www2.comunitaria.com.br\/?p=41544"},"modified":"2020-07-16T17:16:42","modified_gmt":"2020-07-16T19:16:42","slug":"governo-e-federacao-gaucha-de-futebol-iniciam-planejamento-para-retomada-do-gauchao","status":"publish","type":"post","link":"https:\/\/www2.comunitaria.com.br\/en\/governo-e-federacao-gaucha-de-futebol-iniciam-planejamento-para-retomada-do-gauchao\/","title":{"rendered":"Governo e FGF iniciam planejamento para retomada do Gauch\u00e3o"},"content":{"rendered":"<p>A Secretaria da Seguran\u00e7a P\u00fablica (SSP) e a Federa\u00e7\u00e3o Ga\u00facha de Futebol (FGF) se reuniram no final da tarde de quarta-feira, 15, por videoconfer\u00eancia, para alinhar a\u00e7\u00f5es referentes \u00e0 retomada do Campeonato Ga\u00facho, autorizado pelo governo do Estado na semana passada. Al\u00e9m do vice-governador e secret\u00e1rio da Seguran\u00e7a P\u00fablica, Ranolfo Vieira J\u00fanior, e do presidente da FGF, Luciano Hocsman, participaram integrantes das \u00e1reas t\u00e9cnicas das duas institui\u00e7\u00f5es.<\/p>\n<p>No encontro, a FGF apresentou \u00e0 SSP uma proposta de protocolo de isolamento para evitar a aglomera\u00e7\u00e3o de torcedores em torno de est\u00e1dios que venham a receber os jogos, garantindo o cumprimento do distanciamento social, necess\u00e1rio \u00e0 preven\u00e7\u00e3o da Covid-19.<\/p>\n<p>O presidente da entidade agradeceu a permanente disponibilidade de di\u00e1logo por parte do Executivo estadual e destacou a import\u00e2ncia do planejamento integrado com o poder p\u00fablico. &#8220;Quero registrar que o governo do Estado est\u00e1 de parab\u00e9ns pelo trabalho corajoso feito no controle de toda essa situa\u00e7\u00e3o. \u00c9 fundamental contarmos com a experi\u00eancia dos \u00f3rg\u00e3os da Seguran\u00e7a para termos as orienta\u00e7\u00f5es corretas e podermos assegurar a tranquilidade nessa retomada&#8221;, afirmou Hocsman.<\/p>\n<p>O vice-governador ressaltou a import\u00e2ncia do alinhamento entre todos os \u00f3rg\u00e3os envolvidos diante das dificuldades impostas pela pandemia do novo coronav\u00edrus. Ranolfo designou a chefia de gabinete da SSP como ponto focal para interlocu\u00e7\u00e3o com a entidade esportiva. Ficou agendada para essa quinta-feira, 16, nova reuni\u00e3o com a chefia da Pol\u00edcia Civil e os comandos-gerais da Brigada Militar e do Corpo de Bombeiros Militar para tratar do planejamento operacional.<\/p>\n<p>&#8220;Vamos atuar para que tenhamos uma a\u00e7\u00e3o de sucesso, nos moldes do que j\u00e1 tivemos recentemente com a Copa Am\u00e9rica, que gerou inclusive reconhecimento p\u00fablico por parte do governo federal e da Conmebol&#8221;, afirmou Ranolfo. Ele destacou ainda que a expectativa em torno da retomada da competi\u00e7\u00e3o e a previs\u00e3o meteorol\u00f3gica para as pr\u00f3ximas semanas, que indica tempo firme, ampliam a necessidade de uma atua\u00e7\u00e3o respons\u00e1vel dos envolvidos para evitar aglomera\u00e7\u00f5es.<\/p>\n<p>&#8220;Acompanhei o empenho da FGF em conciliar as posi\u00e7\u00f5es dos times e providenciar todas as medidas para a prote\u00e7\u00e3o da sa\u00fade dos atletas e funcion\u00e1rios dos clubes. Ent\u00e3o, n\u00e3o tenho d\u00favida de que a federa\u00e7\u00e3o agir\u00e1 com toda responsabilidade para que tenhamos os meios necess\u00e1rios \u00e0 garantia da prote\u00e7\u00e3o de todos&#8221;, disse o vice-governador.<\/p>\n<p>O plano apresentado pela FGF prev\u00ea a delimita\u00e7\u00e3o de um per\u00edmetro entre 300 e 500 metros no entorno dos est\u00e1dios, chamado de safezone, para bloquear qualquer circula\u00e7\u00e3o de pessoas que n\u00e3o trabalhem diretamente na realiza\u00e7\u00e3o das partidas. A entidade informou que est\u00e1 em contato com uma empresa para o fornecimento de gradis e que ter\u00e1 equipes de seguran\u00e7a privada para atuar nos locais.<\/p>\n<p>Al\u00e9m disso, a federa\u00e7\u00e3o produziu uma campanha publicit\u00e1ria com a participa\u00e7\u00e3o de jogadores dos clubes que disputam o Gauch\u00e3o, com a inten\u00e7\u00e3o de refor\u00e7ar para os torcedores que eles n\u00e3o devem se deslocar aos est\u00e1dios. A veicula\u00e7\u00e3o da campanha est\u00e1 prevista para come\u00e7ar no s\u00e1bado (18\/7).<\/p>\n<p>O presidente da FGF destacou o papel essencial da imprensa para refor\u00e7ar o recado aos torcedores. &#8220;O Grenal da reabertura ser\u00e1 transmitido pela TV aberta, e os meios de comunica\u00e7\u00e3o ser\u00e3o grandes parceiros para levar o Gauch\u00e3o \u00e0 casa dos ga\u00fachos. Por isso, \u00e9 fundamental que os torcedores sigam as orienta\u00e7\u00f5es de preven\u00e7\u00e3o \u00e0 Covid-19 e fiquem em casa. N\u00e3o fa\u00e7am qualquer aglomera\u00e7\u00e3o&#8221;, enfatizou Hocsman.<\/p>\n<p>Na reuni\u00e3o desta quarta-feira, al\u00e9m de Ranolfo e Hocsman, participaram pela FGF o diretor de Marketing e Opera\u00e7\u00f5es, Maur\u00edcio Andrade, o gerente de competi\u00e7\u00f5es, Mauro Rocha, o diretor jur\u00eddico, Carlos Schneider, e o chefe de seguran\u00e7a da entidade, Elvio Pires. Pela SSP, estiveram presentes o chefe de gabinete da SSP, delegado Leonel Carivali, e a chefe de gabinete da vice-governadoria, delegada Fl\u00e1via Colossi Frey.<\/p>\n<p>As \u00e1reas t\u00e9cnicas da SSP e da FGF dar\u00e3o sequ\u00eancia ao planejamento operacional para defini\u00e7\u00e3o de efetivos, materiais e per\u00edmetro necess\u00e1rio em cada uma das sedes dos jogos, ainda a serem confirmadas pela federa\u00e7\u00e3o.<\/p>\n<p>Para alinhar a atua\u00e7\u00e3o dos \u00f3rg\u00e3os de fiscaliza\u00e7\u00e3o municipal, representantes das prefeituras tamb\u00e9m ser\u00e3o agregados no planejamento. Os trabalhos ainda v\u00e3o contar com participa\u00e7\u00e3o do Juizado Especial do Torcedor, por meio do Minist\u00e9rio P\u00fablico e do Tribunal de Justi\u00e7a do Estado, que estar\u00e3o presentes para autuar eventuais descumprimento \u00e0s determina\u00e7\u00f5es de seguran\u00e7a.<\/p>\n<p><sub><em>*Secom<\/em><\/sub><\/p>","protected":false},"excerpt":{"rendered":"<p>A Secretaria da Seguran\u00e7a P\u00fablica (SSP) e a Federa\u00e7\u00e3o Ga\u00facha de Futebol (FGF) se reuniram no final da tarde de quarta-feira, 15, por videoconfer\u00eancia, para alinhar a\u00e7\u00f5es referentes \u00e0 retomada do Campeonato Ga\u00facho, autorizado pelo governo do Estado na semana passada. Al\u00e9m do vice-governador e secret\u00e1rio da Seguran\u00e7a P\u00fablica, Ranolfo Vieira J\u00fanior, e do presidente<\/p>\n<div class=\"read-more-wrapper\"><a class=\"read-more\" href=\"https:\/\/www2.comunitaria.com.br\/en\/governo-e-federacao-gaucha-de-futebol-iniciam-planejamento-para-retomada-do-gauchao\/\" title=\"Read More\"> <span class=\"button\">Read More<\/span><\/a><\/div>","protected":false},"author":2,"featured_media":41546,"comment_status":"open","ping_status":"closed","sticky":false,"template":"","format":"standard","meta":{"ngg_post_thumbnail":0,"footnotes":""},"categories":[33],"tags":[],"class_list":["post-41544","post","type-post","status-publish","format-standard","has-post-thumbnail","hentry","category-noticias"],"amp_enabled":true,"_links":{"self":[{"href":"https:\/\/www2.comunitaria.com.br\/en\/wp-json\/wp\/v2\/posts\/41544","targetHints":{"allow":["GET"]}}],"collection":[{"href":"https:\/\/www2.comunitaria.com.br\/en\/wp-json\/wp\/v2\/posts"}],"about":[{"href":"https:\/\/www2.comunitaria.com.br\/en\/wp-json\/wp\/v2\/types\/post"}],"author":[{"embeddable":true,"href":"https:\/\/www2.comunitaria.com.br\/en\/wp-json\/wp\/v2\/users\/2"}],"replies":[{"embeddable":true,"href":"https:\/\/www2.comunitaria.com.br\/en\/wp-json\/wp\/v2\/comments?post=41544"}],"version-history":[{"count":0,"href":"https:\/\/www2.comunitaria.com.br\/en\/wp-json\/wp\/v2\/posts\/41544\/revisions"}],"wp:featuredmedia":[{"embeddable":true,"href":"https:\/\/www2.comunitaria.com.br\/en\/wp-json\/wp\/v2\/media\/41546"}],"wp:attachment":[{"href":"https:\/\/www2.comunitaria.com.br\/en\/wp-json\/wp\/v2\/media?parent=41544"}],"wp:term":[{"taxonomy":"category","embeddable":true,"href":"https:\/\/www2.comunitaria.com.br\/en\/wp-json\/wp\/v2\/categories?post=41544"},{"taxonomy":"post_tag","embeddable":true,"href":"https:\/\/www2.comunitaria.com.br\/en\/wp-json\/wp\/v2\/tags?post=41544"}],"curies":[{"name":"wp","href":"https:\/\/api.w.org\/{rel}","templated":true}]}}