{"id":4148,"date":"2015-06-25T08:42:18","date_gmt":"2015-06-25T10:42:18","guid":{"rendered":"http:\/\/www2.comunitaria.com.br\/?p=4148"},"modified":"2015-06-25T10:47:01","modified_gmt":"2015-06-25T12:47:01","slug":"presidio-estadual-de-palmeira-das-missoes-e-interditado-parcialmente","status":"publish","type":"post","link":"https:\/\/www2.comunitaria.com.br\/en\/presidio-estadual-de-palmeira-das-missoes-e-interditado-parcialmente\/","title":{"rendered":"Pres\u00eddio Estadual de Palmeira das Miss\u00f5es \u00e9 interditado parcialmente"},"content":{"rendered":"<p>Ao acatar pedido liminar em a\u00e7\u00e3o civil p\u00fablica ajuizada pelo Minist\u00e9rio P\u00fablico de Palmeira das Miss\u00f5es, a Justi\u00e7a da Comarca determinou que a Superintend\u00eancia dos Servi\u00e7os Penitenci\u00e1rios (Susepe) n\u00e3o receba novos apenados no regime fechado ou presos preventivos no Pres\u00eddio Estadual de Palmeira das Miss\u00f5es. A decis\u00e3o \u00e9 desta segunda-feira, 22, e tamb\u00e9m prev\u00ea a transfer\u00eancia do n\u00famero excedente de presos em prazo m\u00e1ximo de 60 dias. <\/p>\n<!--[if lt IE 9]><script>document.createElement('audio');<\/script><![endif]-->\n<audio class=\"wp-audio-shortcode\" id=\"audio-4148-1\" preload=\"none\" style=\"width: 100%;\" controls=\"controls\"><source type=\"audio\/mpeg\" src=\"http:\/\/www2.comunitaria.com.br\/wp-content\/uploads\/2015\/06\/presidio.mp3?_=1\" \/><a href=\"http:\/\/www2.comunitaria.com.br\/wp-content\/uploads\/2015\/06\/presidio.mp3\">http:\/\/www2.comunitaria.com.br\/wp-content\/uploads\/2015\/06\/presidio.mp3<\/a><\/audio>\n<p>MP-RS<br \/>\nFoto: Meramente ilustrativa\/Divulga\u00e7\u00e3o <\/p>","protected":false},"excerpt":{"rendered":"<p>Ao acatar pedido liminar em a\u00e7\u00e3o civil p\u00fablica ajuizada pelo Minist\u00e9rio P\u00fablico de Palmeira das Miss\u00f5es, a Justi\u00e7a da Comarca determinou que a Superintend\u00eancia dos Servi\u00e7os Penitenci\u00e1rios (Susepe) n\u00e3o receba novos apenados no regime fechado ou presos preventivos no Pres\u00eddio Estadual de Palmeira das Miss\u00f5es. A decis\u00e3o \u00e9 desta segunda-feira, 22, e tamb\u00e9m prev\u00ea a<\/p>\n<div class=\"read-more-wrapper\"><a class=\"read-more\" href=\"https:\/\/www2.comunitaria.com.br\/en\/presidio-estadual-de-palmeira-das-missoes-e-interditado-parcialmente\/\" title=\"Read More\"> <span class=\"button\">Read More<\/span><\/a><\/div>","protected":false},"author":2,"featured_media":4150,"comment_status":"open","ping_status":"closed","sticky":false,"template":"","format":"standard","meta":{"ngg_post_thumbnail":0,"footnotes":""},"categories":[51,28,33,36,43],"tags":[318,202,156],"class_list":["post-4148","post","type-post","status-publish","format-standard","has-post-thumbnail","hentry","category-audio","category-destaque","category-noticias","category-policia","category-regiao","tag-ministerio-publico","tag-palmeira-das-missoes","tag-presidio"],"amp_enabled":true,"_links":{"self":[{"href":"https:\/\/www2.comunitaria.com.br\/en\/wp-json\/wp\/v2\/posts\/4148","targetHints":{"allow":["GET"]}}],"collection":[{"href":"https:\/\/www2.comunitaria.com.br\/en\/wp-json\/wp\/v2\/posts"}],"about":[{"href":"https:\/\/www2.comunitaria.com.br\/en\/wp-json\/wp\/v2\/types\/post"}],"author":[{"embeddable":true,"href":"https:\/\/www2.comunitaria.com.br\/en\/wp-json\/wp\/v2\/users\/2"}],"replies":[{"embeddable":true,"href":"https:\/\/www2.comunitaria.com.br\/en\/wp-json\/wp\/v2\/comments?post=4148"}],"version-history":[{"count":0,"href":"https:\/\/www2.comunitaria.com.br\/en\/wp-json\/wp\/v2\/posts\/4148\/revisions"}],"wp:featuredmedia":[{"embeddable":true,"href":"https:\/\/www2.comunitaria.com.br\/en\/wp-json\/wp\/v2\/media\/4150"}],"wp:attachment":[{"href":"https:\/\/www2.comunitaria.com.br\/en\/wp-json\/wp\/v2\/media?parent=4148"}],"wp:term":[{"taxonomy":"category","embeddable":true,"href":"https:\/\/www2.comunitaria.com.br\/en\/wp-json\/wp\/v2\/categories?post=4148"},{"taxonomy":"post_tag","embeddable":true,"href":"https:\/\/www2.comunitaria.com.br\/en\/wp-json\/wp\/v2\/tags?post=4148"}],"curies":[{"name":"wp","href":"https:\/\/api.w.org\/{rel}","templated":true}]}}