{"id":41384,"date":"2020-07-04T09:54:45","date_gmt":"2020-07-04T11:54:45","guid":{"rendered":"http:\/\/www2.comunitaria.com.br\/?p=41384"},"modified":"2020-07-04T09:58:08","modified_gmt":"2020-07-04T11:58:08","slug":"governo-volta-classificar-fw-como-bandeira-vermelha","status":"publish","type":"post","link":"https:\/\/www2.comunitaria.com.br\/en\/governo-volta-classificar-fw-como-bandeira-vermelha\/","title":{"rendered":"Governo volta classificar FW como bandeira vermelha"},"content":{"rendered":"<p style=\"text-align: justify;\">A apresenta\u00e7\u00e3o pr\u00e9via da nona rodada do Distanciamento Controlado classificou dez macrorregi\u00f5es ga\u00fachas em bandeira vermelha, de alto risco de contamina\u00e7\u00e3o com o coronav\u00edrus, entre elas a regi\u00e3o de Palmeira das Miss\u00f5es, a qual Frederico Westphalen pertence. Outras dez regi\u00f5es est\u00e3o na bandeira laranja, de m\u00e9dio perigo e pela primeira vez n\u00e3o h\u00e1 nenhuma regi\u00e3o em bandeira amarela, de risco baixo.&nbsp;<\/p>\n<p style=\"text-align: justify;\">A partir de agora, as regi\u00f5es e os munic\u00edpios t\u00eam at\u00e9 domingo de manh\u00e3 para enviar recursos e pedidos de rean\u00e1lise para uma posterior classifica\u00e7\u00e3o. O resultado sai na segunda e o per\u00edodo de vig\u00eancia das novas bandeiras inicia na ter\u00e7a.&nbsp;<\/p>\n<p style=\"text-align: justify;\">No levantamento do governo, eis regi\u00f5es tiveram piora na classifica\u00e7\u00e3o final e, portanto, ter\u00e3o maiores restri\u00e7\u00f5es de suas atividades.Taquara registrou a mudan\u00e7a mais dr\u00e1stica: a regi\u00e3o estava com bandeira amarela e passou direto para vermelho. Palmeira das Miss\u00f5es, Pelotas, Erechim e Caxias do Sul, que estavam com bandeira laranja, tamb\u00e9m migraram para vermelha. Bag\u00e9, que estavam em amarelo, foi para laranja.<\/p>\n<p style=\"text-align: justify;\">J\u00e1 Porto Alegre, Cap\u00e3o da Canoa, Novo Hamburgo e Canoas, por terem sido classificadas em vermelho pelo menos duas vezes no per\u00edodo de 21 dias, mesmo que apresentassem melhora nos dados, seguiriam na vermelha, necessitando de maiores restri\u00e7\u00f5es. Passo Fundo n\u00e3o apresentou melhora nem piora no c\u00e1lculo dos indicadores e permanece com vermelha. Apenas Santo \u00c2ngelo apresentou melhora, passando do vermelho para a laranja.&nbsp;<\/p>","protected":false},"excerpt":{"rendered":"<p>A apresenta\u00e7\u00e3o pr\u00e9via da nona rodada do Distanciamento Controlado classificou dez macrorregi\u00f5es ga\u00fachas em bandeira vermelha, de alto risco de contamina\u00e7\u00e3o com o coronav\u00edrus, entre elas a regi\u00e3o de Palmeira das Miss\u00f5es, a qual Frederico Westphalen pertence. Outras dez regi\u00f5es est\u00e3o na bandeira laranja, de m\u00e9dio perigo e pela primeira vez n\u00e3o h\u00e1 nenhuma regi\u00e3o<\/p>\n<div class=\"read-more-wrapper\"><a class=\"read-more\" href=\"https:\/\/www2.comunitaria.com.br\/en\/governo-volta-classificar-fw-como-bandeira-vermelha\/\" title=\"Read More\"> <span class=\"button\">Read More<\/span><\/a><\/div>","protected":false},"author":2,"featured_media":41386,"comment_status":"open","ping_status":"closed","sticky":false,"template":"","format":"standard","meta":{"ngg_post_thumbnail":0,"footnotes":""},"categories":[28,33],"tags":[],"class_list":["post-41384","post","type-post","status-publish","format-standard","has-post-thumbnail","hentry","category-destaque","category-noticias"],"amp_enabled":true,"_links":{"self":[{"href":"https:\/\/www2.comunitaria.com.br\/en\/wp-json\/wp\/v2\/posts\/41384","targetHints":{"allow":["GET"]}}],"collection":[{"href":"https:\/\/www2.comunitaria.com.br\/en\/wp-json\/wp\/v2\/posts"}],"about":[{"href":"https:\/\/www2.comunitaria.com.br\/en\/wp-json\/wp\/v2\/types\/post"}],"author":[{"embeddable":true,"href":"https:\/\/www2.comunitaria.com.br\/en\/wp-json\/wp\/v2\/users\/2"}],"replies":[{"embeddable":true,"href":"https:\/\/www2.comunitaria.com.br\/en\/wp-json\/wp\/v2\/comments?post=41384"}],"version-history":[{"count":0,"href":"https:\/\/www2.comunitaria.com.br\/en\/wp-json\/wp\/v2\/posts\/41384\/revisions"}],"wp:featuredmedia":[{"embeddable":true,"href":"https:\/\/www2.comunitaria.com.br\/en\/wp-json\/wp\/v2\/media\/41386"}],"wp:attachment":[{"href":"https:\/\/www2.comunitaria.com.br\/en\/wp-json\/wp\/v2\/media?parent=41384"}],"wp:term":[{"taxonomy":"category","embeddable":true,"href":"https:\/\/www2.comunitaria.com.br\/en\/wp-json\/wp\/v2\/categories?post=41384"},{"taxonomy":"post_tag","embeddable":true,"href":"https:\/\/www2.comunitaria.com.br\/en\/wp-json\/wp\/v2\/tags?post=41384"}],"curies":[{"name":"wp","href":"https:\/\/api.w.org\/{rel}","templated":true}]}}