{"id":40938,"date":"2020-06-12T14:45:50","date_gmt":"2020-06-12T16:45:50","guid":{"rendered":"http:\/\/www2.comunitaria.com.br\/?p=40938"},"modified":"2020-06-12T14:45:50","modified_gmt":"2020-06-12T16:45:50","slug":"palmeira-das-missoes-registra-primeiro-obito-por-covid-19","status":"publish","type":"post","link":"https:\/\/www2.comunitaria.com.br\/en\/palmeira-das-missoes-registra-primeiro-obito-por-covid-19\/","title":{"rendered":"Palmeira das Miss\u00f5es registra primeiro \u00f3bito por Covid-19"},"content":{"rendered":"<div id=\"js_j3\" class=\"_5pbx userContent _3576\" data-testid=\"post_message\" data-ft=\"{&quot;tn&quot;:&quot;K&quot;}\">\n<div id=\"id_5ee3b03bc947e8285681968\" class=\"text_exposed_root text_exposed\">\n<p>A Secretaria Municipal de Sa\u00fade de Palmeira das Miss\u00f5es, por meio do Centro de Opera\u00e7\u00f5es Emergenciais (COE), informou o registro do primeiro \u00f3bito por Covid-19 no munic\u00edpio, na noite desta quinta-feira, 11.<\/p>\n<p>Trata-se de uma mulher, de 84 anos, hipertensa. A paciente teve o in\u00edcio dos sintomas no dia 1 de junho, com diagn\u00f3stico por RT-PCR em 3 de junho. Devido ao quadro cl\u00ednico, foi internada no Hospital de Caridade de Pa<span class=\"text_exposed_show\">lmeira das Miss\u00f5es e transferida para a UTI do Hospital de Cl\u00ednicas de Passo Fundo no dia 4 de junho, onde permanecia at\u00e9 a data do \u00f3bito. A vigil\u00e2ncia epidemiol\u00f3gica municipal est\u00e1 monitorando os contactantes do caso.<br \/>\n\u2800<br \/>\nEm publica\u00e7\u00e3o por meio das redes sociais, a prefeitura de Palmeira das Miss\u00f5es <\/span>ressaltou que a popula\u00e7\u00e3o deve intensificar as medidas de preven\u00e7\u00e3o e isolamento social.&nbsp;<\/p>\n<div class=\"text_exposed_show\">\n<p>Nesta sexta-feira, 12 de junho, o munic\u00edpio apresenta o total de 77 casos confirmados, sendo 54 destes recuperados e 22 casos (isolados\/ativos) e 01 \u00f3bito.<\/p>\n<p><em>*D\u00e9bora Franke, com informa\u00e7\u00f5es Ascom\/Prefeitura de Palmeira das Miss\u00f5es<\/em><\/p>\n<\/div>\n<\/div>\n<\/div>\n<div class=\"_3x-2\" data-ft=\"{&quot;tn&quot;:&quot;H&quot;}\">\n<div data-ft=\"{&quot;tn&quot;:&quot;H&quot;}\">\n<div class=\"mtm\">\n<div>\n<div class=\"_1ktf\" data-ft=\"{&quot;tn&quot;:&quot;E&quot;}\">&nbsp;<\/div>\n<\/div>\n<\/div>\n<\/div>\n<\/div>","protected":false},"excerpt":{"rendered":"<p>A Secretaria Municipal de Sa\u00fade de Palmeira das Miss\u00f5es, por meio do Centro de Opera\u00e7\u00f5es Emergenciais (COE), informou o registro do primeiro \u00f3bito por Covid-19 no munic\u00edpio, na noite desta&#8230;<\/p>","protected":false},"author":2,"featured_media":40940,"comment_status":"open","ping_status":"closed","sticky":false,"template":"","format":"standard","meta":{"ngg_post_thumbnail":0,"footnotes":""},"categories":[28,33,43,37],"tags":[],"class_list":["post-40938","post","type-post","status-publish","format-standard","has-post-thumbnail","hentry","category-destaque","category-noticias","category-regiao","category-saude"],"amp_enabled":true,"_links":{"self":[{"href":"https:\/\/www2.comunitaria.com.br\/en\/wp-json\/wp\/v2\/posts\/40938","targetHints":{"allow":["GET"]}}],"collection":[{"href":"https:\/\/www2.comunitaria.com.br\/en\/wp-json\/wp\/v2\/posts"}],"about":[{"href":"https:\/\/www2.comunitaria.com.br\/en\/wp-json\/wp\/v2\/types\/post"}],"author":[{"embeddable":true,"href":"https:\/\/www2.comunitaria.com.br\/en\/wp-json\/wp\/v2\/users\/2"}],"replies":[{"embeddable":true,"href":"https:\/\/www2.comunitaria.com.br\/en\/wp-json\/wp\/v2\/comments?post=40938"}],"version-history":[{"count":0,"href":"https:\/\/www2.comunitaria.com.br\/en\/wp-json\/wp\/v2\/posts\/40938\/revisions"}],"wp:featuredmedia":[{"embeddable":true,"href":"https:\/\/www2.comunitaria.com.br\/en\/wp-json\/wp\/v2\/media\/40940"}],"wp:attachment":[{"href":"https:\/\/www2.comunitaria.com.br\/en\/wp-json\/wp\/v2\/media?parent=40938"}],"wp:term":[{"taxonomy":"category","embeddable":true,"href":"https:\/\/www2.comunitaria.com.br\/en\/wp-json\/wp\/v2\/categories?post=40938"},{"taxonomy":"post_tag","embeddable":true,"href":"https:\/\/www2.comunitaria.com.br\/en\/wp-json\/wp\/v2\/tags?post=40938"}],"curies":[{"name":"wp","href":"https:\/\/api.w.org\/{rel}","templated":true}]}}