{"id":40921,"date":"2020-06-10T15:40:46","date_gmt":"2020-06-10T17:40:46","guid":{"rendered":"http:\/\/www2.comunitaria.com.br\/?p=40921"},"modified":"2020-06-10T15:41:33","modified_gmt":"2020-06-10T17:41:33","slug":"consulta-sobre-nova-data-do-enem-comeca-no-dia-20-de-junho","status":"publish","type":"post","link":"https:\/\/www2.comunitaria.com.br\/en\/consulta-sobre-nova-data-do-enem-comeca-no-dia-20-de-junho\/","title":{"rendered":"Consulta sobre nova data do Enem come\u00e7a no dia 20 de junho"},"content":{"rendered":"<div class=\"col-lg-12 mb-3\">\n<div class=\"row\"><span>O ministro da Educa\u00e7\u00e3o, Abraham Weintraub, anunciou pelo Twitter nesta quarta-feira, 10, uma consulta aos inscritos no Exame Nacional do Ensino M\u00e9dio (Enem) sobre a nova data para realiza\u00e7\u00e3o das provas &#8211; <\/span>adiadas por causa da pandemia de covid-19<span>. Os inscritos poder\u00e3o responder \u00e0 consulta entre os dias 20 e&nbsp;30 de junho. \u201cCada um poder\u00e1 votar individualmente em sua P\u00e1gina do Participante\u201d, destacou Weintraub.<\/span><img decoding=\"async\" src=\"https:\/\/agenciabrasil.ebc.com.br\/ebc.png?id=1309256&amp;o=node\"><\/div>\n<div>&nbsp;<\/div>\n<\/div>\n<div class=\"col-xl-7 offset-xl-1 col-lg-8 offset-lg-0 col-md-10 offset-md-1 mb-3\">\n<div class=\"post-item alt-font\">\n<div class=\"post-item-wrap\">\n<h4><strong>Taxa<\/strong><\/h4>\n<p>O an\u00fancio da consulta coincide com o \u00faltimo dia para quitar a taxa de inscri\u00e7\u00e3o do Enem 2020. Quem n\u00e3o atendeu aos crit\u00e9rios de isen\u00e7\u00e3o e n\u00e3o fez o pagamento dever\u00e1 gerar a Guia de Recolhimento da Uni\u00e3o (GRU Cobran\u00e7a) na P\u00e1gina do Participante, no valor de R$ 85, e pagar em&nbsp;qualquer banco, casa lot\u00e9rica ou ag\u00eancia dos Correios. O Instituto Nacional de Estudos e Pesquisas Educacionais An\u00edsio Teixeira (Inep) refor\u00e7a o alerta para que os participantes fiquem atentos ao hor\u00e1rio e \u00e0s regras dos correspondentes banc\u00e1rios.<\/p>\n<p>Tamb\u00e9m devido \u00e0s medidas restritivas impostas pela pandemia do novo coronav\u00edrus, o Minist\u00e9rio da Educa\u00e7\u00e3o (MEC), por meio do Inep, garantiu a gratuidade da taxa de inscri\u00e7\u00e3o aos 4,8 milh\u00f5es de participantes que se enquadraram nos requisitos para a isen\u00e7\u00e3o. O reconhecimento foi assegurado de of\u00edcio, sem a necessidade de um pedido formal.<\/p>\n<p>A edi\u00e7\u00e3o 2020 do Enem recebeu 6,1 milh\u00f5es de inscri\u00e7\u00f5es e 5,7 milh\u00f5es j\u00e1 est\u00e3o confirmadas. Na sexta-feira (12), ser\u00e3o divulgados os resultados para as solicita\u00e7\u00f5es de atendimento especializado. A publica\u00e7\u00e3o \u00e9 individual na P\u00e1gina do Participante e, para casos de indeferimento, o Inep abrir\u00e1 o prazo de 15 a&nbsp;19 de junho&nbsp;para interposi\u00e7\u00e3o de recurso.<\/p>\n<p><em>*Ag\u00eancia Brasil<\/em><\/p>\n<\/div>\n<\/div>\n<\/div>","protected":false},"excerpt":{"rendered":"<p>O ministro da Educa\u00e7\u00e3o, Abraham Weintraub, anunciou pelo Twitter nesta quarta-feira, 10, uma consulta aos inscritos no Exame Nacional do Ensino M\u00e9dio (Enem) sobre a nova data para realiza\u00e7\u00e3o das provas &#8211; adiadas por causa da pandemia de covid-19. Os inscritos poder\u00e3o responder \u00e0 consulta entre os dias 20 e&nbsp;30 de junho. \u201cCada um poder\u00e1<\/p>\n<div class=\"read-more-wrapper\"><a class=\"read-more\" href=\"https:\/\/www2.comunitaria.com.br\/en\/consulta-sobre-nova-data-do-enem-comeca-no-dia-20-de-junho\/\" title=\"Read More\"> <span class=\"button\">Read More<\/span><\/a><\/div>","protected":false},"author":2,"featured_media":40558,"comment_status":"open","ping_status":"closed","sticky":false,"template":"","format":"standard","meta":{"ngg_post_thumbnail":0,"footnotes":""},"categories":[47,44,33],"tags":[],"class_list":["post-40921","post","type-post","status-publish","format-standard","has-post-thumbnail","hentry","category-brasil","category-educacao","category-noticias"],"amp_enabled":true,"_links":{"self":[{"href":"https:\/\/www2.comunitaria.com.br\/en\/wp-json\/wp\/v2\/posts\/40921","targetHints":{"allow":["GET"]}}],"collection":[{"href":"https:\/\/www2.comunitaria.com.br\/en\/wp-json\/wp\/v2\/posts"}],"about":[{"href":"https:\/\/www2.comunitaria.com.br\/en\/wp-json\/wp\/v2\/types\/post"}],"author":[{"embeddable":true,"href":"https:\/\/www2.comunitaria.com.br\/en\/wp-json\/wp\/v2\/users\/2"}],"replies":[{"embeddable":true,"href":"https:\/\/www2.comunitaria.com.br\/en\/wp-json\/wp\/v2\/comments?post=40921"}],"version-history":[{"count":0,"href":"https:\/\/www2.comunitaria.com.br\/en\/wp-json\/wp\/v2\/posts\/40921\/revisions"}],"wp:featuredmedia":[{"embeddable":true,"href":"https:\/\/www2.comunitaria.com.br\/en\/wp-json\/wp\/v2\/media\/40558"}],"wp:attachment":[{"href":"https:\/\/www2.comunitaria.com.br\/en\/wp-json\/wp\/v2\/media?parent=40921"}],"wp:term":[{"taxonomy":"category","embeddable":true,"href":"https:\/\/www2.comunitaria.com.br\/en\/wp-json\/wp\/v2\/categories?post=40921"},{"taxonomy":"post_tag","embeddable":true,"href":"https:\/\/www2.comunitaria.com.br\/en\/wp-json\/wp\/v2\/tags?post=40921"}],"curies":[{"name":"wp","href":"https:\/\/api.w.org\/{rel}","templated":true}]}}