{"id":40917,"date":"2020-06-10T15:50:56","date_gmt":"2020-06-10T17:50:56","guid":{"rendered":"http:\/\/www2.comunitaria.com.br\/?p=40917"},"modified":"2020-06-10T15:52:11","modified_gmt":"2020-06-10T17:52:11","slug":"ufsm-divulga-primeiros-resultados-de-pesquisa-nacional-sobre-saude-mental-na-pandemia","status":"publish","type":"post","link":"https:\/\/www2.comunitaria.com.br\/en\/ufsm-divulga-primeiros-resultados-de-pesquisa-nacional-sobre-saude-mental-na-pandemia\/","title":{"rendered":"UFSM divulga primeiros resultados de pesquisa sobre sa\u00fade mental na pandemia"},"content":{"rendered":"<div>\n<p>Foram divulgados os <a href=\"https:\/\/www.covidpsiq.org\/resultados\" target=\"_blank\" rel=\"noopener noreferrer\" data-saferedirecturl=\"https:\/\/www.google.com\/url?q=https:\/\/www.covidpsiq.org\/resultados&amp;source=gmail&amp;ust=1591893856788000&amp;usg=AFQjCNFH05iA4iD3BdmyjsAofPRvr1WvMQ\">resultados da primeira fase<\/a>&nbsp;da pesquisa CovidPsiq, do projeto projeto intitulado \u201cMonitoramento da evolu\u00e7\u00e3o da sintomatologia p\u00f3s-traum\u00e1tica, depress\u00e3o e ansiedade durante a pandemia de Covid-19 em brasileiros\u201d, que tem o objetivo de acompanhar a evolu\u00e7\u00e3o de sintomas emocionais ao longo de seis meses, durante a pandemia. A equipe respons\u00e1vel pela pesquisa \u00e9 formada por m\u00e9dicos psiquiatras, psic\u00f3logos, professores, residentes e alunos de gradua\u00e7\u00e3o e p\u00f3s-gradua\u00e7\u00e3o da Universidade Federal de Santa Maria (UFSM), Hospital Universit\u00e1rio de Santa Maria (HUSM), Universidade Federal do Rio Grande do Sul (UFRGS), Universidade Franciscana (UFN) e Universidade Federal de S\u00e3o Paulo (Unifesp).<\/p>\n<\/div>\n<div>\n<p>Na primeira fase da pesquisa, foram 3.633 participantes. Destes, 65% declararam que a sa\u00fade mental piorou durante a pandemia. O professor Vitor Calegaro, do Departamento de Neuropsiquiatria, do Centro de Ci\u00eancias da Sa\u00fade (CCS) da UFSM, aponta que ter se afastado de pessoa pr\u00f3xima com Covid-19 foi associado com sintomas de estresse, ansiedade e transtorno de estresse p\u00f3s-traum\u00e1tico. Segundo ele, o estudo demonstra a import\u00e2ncia do cuidado com a sa\u00fade mental durante a pandemia. Em fun\u00e7\u00e3o disso, foram disponibilizadas diversas&nbsp;<a href=\"https:\/\/www.covidpsiq.org\/orientacoes\" target=\"_blank\" rel=\"noopener noreferrer\" data-saferedirecturl=\"https:\/\/www.google.com\/url?q=https:\/\/www.covidpsiq.org\/orientacoes&amp;source=gmail&amp;ust=1591893856788000&amp;usg=AFQjCNFfzsgLurfYpyw5oG1YvzztkKnR6g\">orienta\u00e7\u00f5es<\/a>&nbsp;no site do projeto.<\/p>\n<p>&nbsp;<\/p>\n<p><strong>Segunda fase<\/strong><\/p>\n<p>O&nbsp;<a href=\"https:\/\/pt.surveymonkey.com\/r\/covidpsiq2?L=ufsm\" target=\"_blank\" rel=\"noopener noreferrer\" data-saferedirecturl=\"https:\/\/www.google.com\/url?q=https:\/\/pt.surveymonkey.com\/r\/covidpsiq2?L%3Dufsm&amp;source=gmail&amp;ust=1591893856788000&amp;usg=AFQjCNEHuu1xtAQkDQdGEAuP1WpvLCgpjw\">question\u00e1rio<\/a>&nbsp;referente \u00e0 segunda etapa do estudo j\u00e1 est\u00e1 dispon\u00edvel, podendo ser respondido at\u00e9 30 de junho. Cont\u00e9m perguntas sobre a experi\u00eancia com a Covid-19, isolamento social, situa\u00e7\u00e3o econ\u00f4mica, sintomas emocionais e comportamentais e h\u00e1bitos de vida. Os dados s\u00e3o confidenciais e an\u00f4nimos. O question\u00e1rio \u00e9 mais breve que o da primeira etapa, leva de 10 a 15 minutos para ser preenchido. Pode participar qualquer pessoa com 18 anos ou mais, mesmo que n\u00e3o tenha participado da primeira fase. A pesquisa \u00e9 volunt\u00e1ria, sendo poss\u00edvel interromper a participa\u00e7\u00e3o a qualquer momento.<\/p>\n<p>Como na primeira fase da pesquisa observou-se que apenas 23,7% dos participantes eram homens, sendo 14,4% autodeclarados n\u00e3o-brancos e 19% de fam\u00edlias de baixa renda, a inten\u00e7\u00e3o \u00e9 diversificar essa amostra, para que possa ser representativa da popula\u00e7\u00e3o brasileira.<\/p>\n<p>A participa\u00e7\u00e3o \u00e9 considerada importante porque, com a contribui\u00e7\u00e3o de mais pessoas, a equipe respons\u00e1vel poder\u00e1 levantar dados sobre o impacto da pandemia na sa\u00fade mental dos brasileiros, a fim de gerar informa\u00e7\u00f5es relevantes para o tratamento de transtornos mentais como depress\u00e3o, ansiedade, estresse p\u00f3s-traum\u00e1tico e uso de subst\u00e2ncias.<\/p>\n<p>Confira o resultado completo em&nbsp;<a href=\"https:\/\/www.covidpsiq.org\/resultados\" target=\"_blank\" rel=\"noopener noreferrer\" data-saferedirecturl=\"https:\/\/www.google.com\/url?q=https:\/\/www.covidpsiq.org\/resultados&amp;source=gmail&amp;ust=1591893856788000&amp;usg=AFQjCNFH05iA4iD3BdmyjsAofPRvr1WvMQ\">https:\/\/www.covidpsiq.org\/<wbr>resultados<\/a>.&nbsp;<\/p>\n<p><em>*Ascom\/UFSM<\/em><\/p>\n<\/div>","protected":false},"excerpt":{"rendered":"<p>Foram divulgados os resultados da primeira fase&nbsp;da pesquisa CovidPsiq, do projeto projeto intitulado \u201cMonitoramento da evolu\u00e7\u00e3o da sintomatologia p\u00f3s-traum\u00e1tica, depress\u00e3o e ansiedade durante a pandemia de Covid-19 em brasileiros\u201d, que tem o objetivo de acompanhar a evolu\u00e7\u00e3o de sintomas emocionais ao longo de seis meses, durante a pandemia. A equipe respons\u00e1vel pela pesquisa \u00e9 formada<\/p>\n<div class=\"read-more-wrapper\"><a class=\"read-more\" href=\"https:\/\/www2.comunitaria.com.br\/en\/ufsm-divulga-primeiros-resultados-de-pesquisa-nacional-sobre-saude-mental-na-pandemia\/\" title=\"Read More\"> <span class=\"button\">Read More<\/span><\/a><\/div>","protected":false},"author":2,"featured_media":36694,"comment_status":"open","ping_status":"closed","sticky":false,"template":"","format":"standard","meta":{"ngg_post_thumbnail":0,"footnotes":""},"categories":[33],"tags":[],"class_list":["post-40917","post","type-post","status-publish","format-standard","has-post-thumbnail","hentry","category-noticias"],"amp_enabled":true,"_links":{"self":[{"href":"https:\/\/www2.comunitaria.com.br\/en\/wp-json\/wp\/v2\/posts\/40917","targetHints":{"allow":["GET"]}}],"collection":[{"href":"https:\/\/www2.comunitaria.com.br\/en\/wp-json\/wp\/v2\/posts"}],"about":[{"href":"https:\/\/www2.comunitaria.com.br\/en\/wp-json\/wp\/v2\/types\/post"}],"author":[{"embeddable":true,"href":"https:\/\/www2.comunitaria.com.br\/en\/wp-json\/wp\/v2\/users\/2"}],"replies":[{"embeddable":true,"href":"https:\/\/www2.comunitaria.com.br\/en\/wp-json\/wp\/v2\/comments?post=40917"}],"version-history":[{"count":0,"href":"https:\/\/www2.comunitaria.com.br\/en\/wp-json\/wp\/v2\/posts\/40917\/revisions"}],"wp:featuredmedia":[{"embeddable":true,"href":"https:\/\/www2.comunitaria.com.br\/en\/wp-json\/wp\/v2\/media\/36694"}],"wp:attachment":[{"href":"https:\/\/www2.comunitaria.com.br\/en\/wp-json\/wp\/v2\/media?parent=40917"}],"wp:term":[{"taxonomy":"category","embeddable":true,"href":"https:\/\/www2.comunitaria.com.br\/en\/wp-json\/wp\/v2\/categories?post=40917"},{"taxonomy":"post_tag","embeddable":true,"href":"https:\/\/www2.comunitaria.com.br\/en\/wp-json\/wp\/v2\/tags?post=40917"}],"curies":[{"name":"wp","href":"https:\/\/api.w.org\/{rel}","templated":true}]}}