{"id":40746,"date":"2020-06-01T14:03:14","date_gmt":"2020-06-01T16:03:14","guid":{"rendered":"http:\/\/www2.comunitaria.com.br\/?p=40746"},"modified":"2020-06-01T14:03:14","modified_gmt":"2020-06-01T16:03:14","slug":"maes-menores-de-idade-ja-podem-pedir-auxilio-emergencial","status":"publish","type":"post","link":"https:\/\/www2.comunitaria.com.br\/en\/maes-menores-de-idade-ja-podem-pedir-auxilio-emergencial\/","title":{"rendered":"M\u00e3es menores de idade j\u00e1 podem pedir aux\u00edlio emergencial"},"content":{"rendered":"<p>As m\u00e3es com menos de 18 anos j\u00e1 podem pedir o aux\u00edlio emergencial de R$ 600 (R$ 1,2 mil para m\u00e3es solteiras). A novidade est\u00e1 dispon\u00edvel na 16\u00aa vers\u00e3o do aplicativo Caixa Aux\u00edlio Emergencial, que est\u00e1 sendo liberada hoje pela Caixa Econ\u00f4mica Federal.<\/p>\n<p>Inclu\u00edda pelo Congresso durante a tramita\u00e7\u00e3o da medida provis\u00f3ria que instituiu o benef\u00edcio, a extens\u00e3o do aux\u00edlio emergencial para m\u00e3es menores de idade havia sido sancionada no \u00faltimo dia 15. O cadastro no aux\u00edlio emergencial pode ser pedido at\u00e9 3 de junho.<\/p>\n<p>A vice-presidente de Tecnologia da Caixa, Tatiana Thom\u00e9, explicou como funcionar\u00e1 a novidade. A m\u00e3e menor de idade precisa cadastrar pelo menos dois membros da fam\u00edlia (ela pr\u00f3pria mais um filho, no m\u00ednimo). Caso a adolescente perten\u00e7a a uma fam\u00edlia maior, com algum membro que tenha se cadastrado no aux\u00edlio emergencial, precisar\u00e1 fazer o cadastro compat\u00edvel com o do outro membro da fam\u00edlia.<\/p>\n<p>M\u00e3es gr\u00e1vidas n\u00e3o poder\u00e3o fazer o cadastro porque o aplicativo pedir\u00e1 o Cadastro de Pessoas F\u00edsicas (CPF) do filho. O processo se dar\u00e1 de forma igual ao dos demais cadastramentos. Ao entrar no aplicativo, a m\u00e3e digitar\u00e1 nome completo, n\u00famero do CPF, nome da m\u00e3e e data de nascimento, conforme constam nos cadastros da Receita Federal. O aplicativo oferece a op\u00e7\u00e3o \u201cm\u00e3e desconhecida\u201d, caso a requerente n\u00e3o conhe\u00e7a a m\u00e3e.<\/p>\n<p>Finalizado o cadastro, os dados ser\u00e3o enviados \u00e0 Dataprev, empresa estatal de tecnologia, que comparar\u00e1 as informa\u00e7\u00f5es prestadas com as 17 bases de dados dispon\u00edveis para ver se o requerente cumpre as condi\u00e7\u00f5es da lei para receber o aux\u00edlio emergencial. A usu\u00e1ria poder\u00e1 acompanhar, no pr\u00f3prio aplicativo, se o benef\u00edcio foi aprovado, negado ou se o cadastro foi considerado inconclusivo (quando as informa\u00e7\u00f5es prestadas n\u00e3o conferem com os bancos de dados do governo).<\/p>\n<p>&nbsp;<\/p>\n<p><em>*Ag\u00eancia Brasil<\/em><\/p>","protected":false},"excerpt":{"rendered":"<p>As m\u00e3es com menos de 18 anos j\u00e1 podem pedir o aux\u00edlio emergencial de R$ 600 (R$ 1,2 mil para m\u00e3es solteiras). A novidade est\u00e1 dispon\u00edvel na 16\u00aa vers\u00e3o do aplicativo Caixa Aux\u00edlio Emergencial, que est\u00e1 sendo liberada hoje pela Caixa Econ\u00f4mica Federal. Inclu\u00edda pelo Congresso durante a tramita\u00e7\u00e3o da medida provis\u00f3ria que instituiu o<\/p>\n<div class=\"read-more-wrapper\"><a class=\"read-more\" href=\"https:\/\/www2.comunitaria.com.br\/en\/maes-menores-de-idade-ja-podem-pedir-auxilio-emergencial\/\" title=\"Read More\"> <span class=\"button\">Read More<\/span><\/a><\/div>","protected":false},"author":2,"featured_media":39944,"comment_status":"open","ping_status":"closed","sticky":false,"template":"","format":"standard","meta":{"ngg_post_thumbnail":0,"footnotes":""},"categories":[47,39,33],"tags":[],"class_list":["post-40746","post","type-post","status-publish","format-standard","has-post-thumbnail","hentry","category-brasil","category-economia","category-noticias"],"amp_enabled":true,"_links":{"self":[{"href":"https:\/\/www2.comunitaria.com.br\/en\/wp-json\/wp\/v2\/posts\/40746","targetHints":{"allow":["GET"]}}],"collection":[{"href":"https:\/\/www2.comunitaria.com.br\/en\/wp-json\/wp\/v2\/posts"}],"about":[{"href":"https:\/\/www2.comunitaria.com.br\/en\/wp-json\/wp\/v2\/types\/post"}],"author":[{"embeddable":true,"href":"https:\/\/www2.comunitaria.com.br\/en\/wp-json\/wp\/v2\/users\/2"}],"replies":[{"embeddable":true,"href":"https:\/\/www2.comunitaria.com.br\/en\/wp-json\/wp\/v2\/comments?post=40746"}],"version-history":[{"count":0,"href":"https:\/\/www2.comunitaria.com.br\/en\/wp-json\/wp\/v2\/posts\/40746\/revisions"}],"wp:featuredmedia":[{"embeddable":true,"href":"https:\/\/www2.comunitaria.com.br\/en\/wp-json\/wp\/v2\/media\/39944"}],"wp:attachment":[{"href":"https:\/\/www2.comunitaria.com.br\/en\/wp-json\/wp\/v2\/media?parent=40746"}],"wp:term":[{"taxonomy":"category","embeddable":true,"href":"https:\/\/www2.comunitaria.com.br\/en\/wp-json\/wp\/v2\/categories?post=40746"},{"taxonomy":"post_tag","embeddable":true,"href":"https:\/\/www2.comunitaria.com.br\/en\/wp-json\/wp\/v2\/tags?post=40746"}],"curies":[{"name":"wp","href":"https:\/\/api.w.org\/{rel}","templated":true}]}}