{"id":40698,"date":"2020-05-28T15:55:57","date_gmt":"2020-05-28T17:55:57","guid":{"rendered":"http:\/\/www2.comunitaria.com.br\/?p=40698"},"modified":"2020-05-28T16:04:56","modified_gmt":"2020-05-28T18:04:56","slug":"projeto-da-ufsm-pm-entrega-mascaras-para-familias-carentes-e-entidades-de-palmeira-das-missoes","status":"publish","type":"post","link":"https:\/\/www2.comunitaria.com.br\/en\/projeto-da-ufsm-pm-entrega-mascaras-para-familias-carentes-e-entidades-de-palmeira-das-missoes\/","title":{"rendered":"Projeto da UFSM-PM entrega m\u00e1scaras para fam\u00edlias carentes e entidades"},"content":{"rendered":"<p style=\"text-align: justify;\"><span style=\"font-weight: 400;\">Integrantes do projeto de extens\u00e3o \u201cAmigos do Futuro\u201d, da Universidade Federal de Santa Maria &#8211; <\/span><i><span style=\"font-weight: 400;\">campus<\/span><\/i><span style=\"font-weight: 400;\"> Palmeira das Miss\u00f5es (UFSM-PM), realizaram a entrega de m\u00e1scaras para entidades e fam\u00edlias carentes do munic\u00edpio. Os itens foram confeccionados por costureiras volunt\u00e1rias.<\/span><\/p>\n<p style=\"text-align: justify;\"><span style=\"font-weight: 400;\">Ao todo, 100 m\u00e1scaras foram entregues na segunda-feira, 25, para a Associa\u00e7\u00e3o de Pais e Amigos dos Excepcionais, de Palmeira das Miss\u00f5es (Apae). De acordo com a UFSM-PM, ainda ser\u00e3o entregues mais 30 m\u00e1scaras para crian\u00e7as, todas ser\u00e3o distribu\u00eddas \u00e0s fam\u00edlias atendidas pela institui\u00e7\u00e3o.<\/span><\/p>\n<p style=\"text-align: justify;\"><span style=\"font-weight: 400;\">&nbsp;\u201cA Apae \u00e9 uma entidade filantr\u00f3pica, sem fins lucrativos, que depende de a\u00e7\u00f5es, como esta de doa\u00e7\u00e3o. As doa\u00e7\u00f5es das m\u00e1scaras do Projeto Amigos do Futuro ser\u00e3o entregues \u00e0s fam\u00edlias dos alunos e usu\u00e1rios, que totalizam 150 fam\u00edlias, que s\u00e3o o p\u00fablico da Apae, dentro das pol\u00edticas de assist\u00eancia social, educa\u00e7\u00e3o e sa\u00fade\u201d, afirmou a diretora administrativa, B\u00e1rbara Vargas.<\/span><\/p>\n<p style=\"text-align: justify;\"><span style=\"font-weight: 400;\">Na sexta-feira, 22, outras 100 m\u00e1scaras, tamb\u00e9m feitas por costureiras volunt\u00e1rias que fazem parte do projeto, foram entregues para fam\u00edlias de bairros carentes de Palmeira das Miss\u00f5es.&nbsp;<\/span><\/p>\n<p style=\"text-align: justify;\"><span style=\"font-weight: 400;\">Conforme a professora e coordenadora do projeto, Juliana Sarubbi, o trabalho das costureiras e as doa\u00e7\u00f5es feitas para a compra de material est\u00e3o fazendo a diferen\u00e7a para que seja poss\u00edvel atender a comunidade carente do munic\u00edpio. \u201cEstou muito feliz com mais esta entrega. As pessoas receberam as m\u00e1scaras com muito amor, muito felizes, satisfeitas por saberem que algu\u00e9m lembrou delas. Eu sempre digo no momento da doa\u00e7\u00e3o que a m\u00e1scara foi feita pensando nelas e que em cada uma foi feita uma ora\u00e7\u00e3o para que elas tenham sa\u00fade e para que Deus cuide delas e que, ent\u00e3o, \u00e9 para elas usarem, pois \u00e9 mais que uma m\u00e1scara. As pessoas ficam muito felizes, sentem-se importantes que algu\u00e9m pensou nelas\u201d, destacou Juliana.<\/span><\/p>\n<p style=\"text-align: justify;\"><span style=\"font-weight: 400;\">Durante a distribui\u00e7\u00e3o das m\u00e1scaras nos bairros, tamb\u00e9m foram entregues cestas b\u00e1sicas, arrecadas na Campanha Solid\u00e1ria. A doa\u00e7\u00e3o pode ser feita atrav\u00e9s do site <\/span><a href=\"http:\/\/www.superdosamigos.com.br\/\"><span style=\"font-weight: 400;\">www.superdosamigos.com.br<\/span><\/a><span style=\"font-weight: 400;\">, especificando que a cesta \u00e9 para a campanha da UFSM-PM.<\/span><\/p>\n<p style=\"text-align: justify;\"><span style=\"font-weight: 400;\">Interessados em ajudar com a doa\u00e7\u00e3o de tecidos para a confec\u00e7\u00e3o das m\u00e1scaras, basta enviar um e-mail para amigosdofuturo1@gmail.com<\/span><\/p>\n<p style=\"text-align: justify;\">&nbsp;<\/p>\n<p>*Editado com informa\u00e7\u00f5es Assessoria de Comunica\u00e7\u00e3o UFSM-PM<br \/>\n(Foto: divulga\u00e7\u00e3o)<\/p>","protected":false},"excerpt":{"rendered":"<p>Integrantes do projeto de extens\u00e3o \u201cAmigos do Futuro\u201d, da Universidade Federal de Santa Maria &#8211; campus Palmeira das Miss\u00f5es (UFSM-PM), realizaram a entrega de m\u00e1scaras para entidades e fam\u00edlias carentes&#8230;<\/p>","protected":false},"author":2,"featured_media":40700,"comment_status":"open","ping_status":"closed","sticky":false,"template":"","format":"standard","meta":{"ngg_post_thumbnail":0,"footnotes":""},"categories":[44,33,43,37],"tags":[969,4630,202,148,4633],"class_list":["post-40698","post","type-post","status-publish","format-standard","has-post-thumbnail","hentry","category-educacao","category-noticias","category-regiao","category-saude","tag-doacao","tag-mascaras","tag-palmeira-das-missoes","tag-ufsm","tag-ufsm-pm"],"amp_enabled":true,"_links":{"self":[{"href":"https:\/\/www2.comunitaria.com.br\/en\/wp-json\/wp\/v2\/posts\/40698","targetHints":{"allow":["GET"]}}],"collection":[{"href":"https:\/\/www2.comunitaria.com.br\/en\/wp-json\/wp\/v2\/posts"}],"about":[{"href":"https:\/\/www2.comunitaria.com.br\/en\/wp-json\/wp\/v2\/types\/post"}],"author":[{"embeddable":true,"href":"https:\/\/www2.comunitaria.com.br\/en\/wp-json\/wp\/v2\/users\/2"}],"replies":[{"embeddable":true,"href":"https:\/\/www2.comunitaria.com.br\/en\/wp-json\/wp\/v2\/comments?post=40698"}],"version-history":[{"count":0,"href":"https:\/\/www2.comunitaria.com.br\/en\/wp-json\/wp\/v2\/posts\/40698\/revisions"}],"wp:featuredmedia":[{"embeddable":true,"href":"https:\/\/www2.comunitaria.com.br\/en\/wp-json\/wp\/v2\/media\/40700"}],"wp:attachment":[{"href":"https:\/\/www2.comunitaria.com.br\/en\/wp-json\/wp\/v2\/media?parent=40698"}],"wp:term":[{"taxonomy":"category","embeddable":true,"href":"https:\/\/www2.comunitaria.com.br\/en\/wp-json\/wp\/v2\/categories?post=40698"},{"taxonomy":"post_tag","embeddable":true,"href":"https:\/\/www2.comunitaria.com.br\/en\/wp-json\/wp\/v2\/tags?post=40698"}],"curies":[{"name":"wp","href":"https:\/\/api.w.org\/{rel}","templated":true}]}}