{"id":40572,"date":"2020-05-22T15:05:54","date_gmt":"2020-05-22T17:05:54","guid":{"rendered":"http:\/\/www2.comunitaria.com.br\/?p=40572"},"modified":"2020-05-22T15:05:54","modified_gmt":"2020-05-22T17:05:54","slug":"inicia-perfuracao-de-pocos-artesianos-no-interior-de-fw","status":"publish","type":"post","link":"https:\/\/www2.comunitaria.com.br\/en\/inicia-perfuracao-de-pocos-artesianos-no-interior-de-fw\/","title":{"rendered":"Inicia perfura\u00e7\u00e3o de po\u00e7os artesianos no interior de FW"},"content":{"rendered":"<p style=\"text-align: justify;\"><em>A\u00e7\u00e3o garantir\u00e1 que 140 fam\u00edlias recebam \u00e1gua pot\u00e1vel em suas resid\u00eancias<\/em><\/p>\n<p style=\"text-align: justify;\">Iniciou nesta quarta-feira, 20, a perfura\u00e7\u00e3o do po\u00e7o artesiano na linha Alecrim, que fornecer\u00e1 \u00e1gua pot\u00e1vel para fam\u00edlias das linhas Alecrim e S\u00e3o Roque. No total, ser\u00e3o perfurados quatro po\u00e7os artesianos \u2013 os outros ser\u00e3o nas linhas L\u00f4ndero, Brondani, S\u00e3o Francisco \u2013 e 140 fam\u00edlias ser\u00e3o beneficiadas. A m\u00e1quina perfuratriz foi cedida pelo Governo do Estado ap\u00f3s meses de reivindica\u00e7\u00e3o e pedidos da Administra\u00e7\u00e3o Municipal.<\/p>\n<p style=\"text-align: justify;\">Para o prefeito de Frederico Westphalen, a perfura\u00e7\u00e3o dos po\u00e7os artesianos representa uma conquista da Administra\u00e7\u00e3o Municipal e resolver\u00e1 o problema de desabastecimento de \u00e1gua das fam\u00edlias. \u201cTrabalhamos muito para que o governo do Estado nos cedesse uma perfuratriz e pud\u00e9ssemos ajudar todas essas fam\u00edlias. Felizmente, conseguimos alcan\u00e7ar essa conquista e agora centenas frederiquenses ter\u00e3o garantido seu direito ao abastecimento de \u00e1gua pot\u00e1vel\u201d, destacou.<\/p>\n<p><em>*Ascom\/Prefeitura de FW<\/em><\/p>","protected":false},"excerpt":{"rendered":"<p>A\u00e7\u00e3o garantir\u00e1 que 140 fam\u00edlias recebam \u00e1gua pot\u00e1vel em suas resid\u00eancias Iniciou nesta quarta-feira, 20, a perfura\u00e7\u00e3o do po\u00e7o artesiano na linha Alecrim, que fornecer\u00e1 \u00e1gua pot\u00e1vel para fam\u00edlias das linhas Alecrim e S\u00e3o Roque. No total, ser\u00e3o perfurados quatro po\u00e7os artesianos \u2013 os outros ser\u00e3o nas linhas L\u00f4ndero, Brondani, S\u00e3o Francisco \u2013 e 140<\/p>\n<div class=\"read-more-wrapper\"><a class=\"read-more\" href=\"https:\/\/www2.comunitaria.com.br\/en\/inicia-perfuracao-de-pocos-artesianos-no-interior-de-fw\/\" title=\"Read More\"> <span class=\"button\">Read More<\/span><\/a><\/div>","protected":false},"author":2,"featured_media":40574,"comment_status":"open","ping_status":"closed","sticky":false,"template":"","format":"standard","meta":{"ngg_post_thumbnail":0,"footnotes":""},"categories":[42,33],"tags":[],"class_list":["post-40572","post","type-post","status-publish","format-standard","has-post-thumbnail","hentry","category-fred-west","category-noticias"],"amp_enabled":true,"_links":{"self":[{"href":"https:\/\/www2.comunitaria.com.br\/en\/wp-json\/wp\/v2\/posts\/40572","targetHints":{"allow":["GET"]}}],"collection":[{"href":"https:\/\/www2.comunitaria.com.br\/en\/wp-json\/wp\/v2\/posts"}],"about":[{"href":"https:\/\/www2.comunitaria.com.br\/en\/wp-json\/wp\/v2\/types\/post"}],"author":[{"embeddable":true,"href":"https:\/\/www2.comunitaria.com.br\/en\/wp-json\/wp\/v2\/users\/2"}],"replies":[{"embeddable":true,"href":"https:\/\/www2.comunitaria.com.br\/en\/wp-json\/wp\/v2\/comments?post=40572"}],"version-history":[{"count":0,"href":"https:\/\/www2.comunitaria.com.br\/en\/wp-json\/wp\/v2\/posts\/40572\/revisions"}],"wp:featuredmedia":[{"embeddable":true,"href":"https:\/\/www2.comunitaria.com.br\/en\/wp-json\/wp\/v2\/media\/40574"}],"wp:attachment":[{"href":"https:\/\/www2.comunitaria.com.br\/en\/wp-json\/wp\/v2\/media?parent=40572"}],"wp:term":[{"taxonomy":"category","embeddable":true,"href":"https:\/\/www2.comunitaria.com.br\/en\/wp-json\/wp\/v2\/categories?post=40572"},{"taxonomy":"post_tag","embeddable":true,"href":"https:\/\/www2.comunitaria.com.br\/en\/wp-json\/wp\/v2\/tags?post=40572"}],"curies":[{"name":"wp","href":"https:\/\/api.w.org\/{rel}","templated":true}]}}