{"id":40550,"date":"2020-05-21T16:31:25","date_gmt":"2020-05-21T18:31:25","guid":{"rendered":"http:\/\/www2.comunitaria.com.br\/?p=40550"},"modified":"2020-05-21T16:31:39","modified_gmt":"2020-05-21T18:31:39","slug":"cruzamentos-sao-revitalizados-e-ruas-recebem-novas-placas-em-fw","status":"publish","type":"post","link":"https:\/\/www2.comunitaria.com.br\/en\/cruzamentos-sao-revitalizados-e-ruas-recebem-novas-placas-em-fw\/","title":{"rendered":"Cruzamentos s\u00e3o revitalizados e ruas recebem novas placas em FW"},"content":{"rendered":"<p style=\"text-align: justify;\">A Administra\u00e7\u00e3o Municipal de Frederico Westphalen, atrav\u00e9s do Departamento de Tr\u00e2nsito e Mobilidade, est\u00e1 investindo em melhorias na sinaliza\u00e7\u00e3o vertical em ruas onde h\u00e1 maior tr\u00e1fego de ve\u00edculos e pedestres.<\/p>\n<p style=\"text-align: justify;\">De acordo com o diretor do Departamento de Tr\u00e2nsito e Mobilidade. Gabriel Lamonatto, durante os \u00faltimos 30 dias, foram substitu\u00eddas 58 placas de regulamenta\u00e7\u00e3o de estacionamentos, rotat\u00f3rias, faixas elevadas, placas de advert\u00eancia e quebra-molas, todas fabricadas conforme a regulamenta\u00e7\u00e3o do C\u00f3digo de Tr\u00e2nsito Brasileiro (CTB) e adquiridas atrav\u00e9s de processo licitat\u00f3rio.<\/p>\n<p style=\"text-align: justify;\">Conforme o coordenador de Sinaliza\u00e7\u00e3o Vi\u00e1ria, Cristian Turchetto, novas ruas ser\u00e3o contempladas com a manuten\u00e7\u00e3o da sinaliza\u00e7\u00e3o vertical, atrav\u00e9s de processo licitat\u00f3rio que em andamento no munic\u00edpio.<\/p>\n<p style=\"text-align: justify;\"><em>*Ascom\/Prefeitura de FW<\/em><\/p>","protected":false},"excerpt":{"rendered":"<p>A Administra\u00e7\u00e3o Municipal de Frederico Westphalen, atrav\u00e9s do Departamento de Tr\u00e2nsito e Mobilidade, est\u00e1 investindo em melhorias na sinaliza\u00e7\u00e3o vertical em ruas onde h\u00e1 maior tr\u00e1fego de ve\u00edculos e pedestres&#8230;.<\/p>","protected":false},"author":2,"featured_media":40552,"comment_status":"open","ping_status":"closed","sticky":false,"template":"","format":"standard","meta":{"ngg_post_thumbnail":0,"footnotes":""},"categories":[42,33],"tags":[],"class_list":["post-40550","post","type-post","status-publish","format-standard","has-post-thumbnail","hentry","category-fred-west","category-noticias"],"amp_enabled":true,"_links":{"self":[{"href":"https:\/\/www2.comunitaria.com.br\/en\/wp-json\/wp\/v2\/posts\/40550","targetHints":{"allow":["GET"]}}],"collection":[{"href":"https:\/\/www2.comunitaria.com.br\/en\/wp-json\/wp\/v2\/posts"}],"about":[{"href":"https:\/\/www2.comunitaria.com.br\/en\/wp-json\/wp\/v2\/types\/post"}],"author":[{"embeddable":true,"href":"https:\/\/www2.comunitaria.com.br\/en\/wp-json\/wp\/v2\/users\/2"}],"replies":[{"embeddable":true,"href":"https:\/\/www2.comunitaria.com.br\/en\/wp-json\/wp\/v2\/comments?post=40550"}],"version-history":[{"count":0,"href":"https:\/\/www2.comunitaria.com.br\/en\/wp-json\/wp\/v2\/posts\/40550\/revisions"}],"wp:featuredmedia":[{"embeddable":true,"href":"https:\/\/www2.comunitaria.com.br\/en\/wp-json\/wp\/v2\/media\/40552"}],"wp:attachment":[{"href":"https:\/\/www2.comunitaria.com.br\/en\/wp-json\/wp\/v2\/media?parent=40550"}],"wp:term":[{"taxonomy":"category","embeddable":true,"href":"https:\/\/www2.comunitaria.com.br\/en\/wp-json\/wp\/v2\/categories?post=40550"},{"taxonomy":"post_tag","embeddable":true,"href":"https:\/\/www2.comunitaria.com.br\/en\/wp-json\/wp\/v2\/tags?post=40550"}],"curies":[{"name":"wp","href":"https:\/\/api.w.org\/{rel}","templated":true}]}}