{"id":40407,"date":"2020-05-13T15:19:59","date_gmt":"2020-05-13T17:19:59","guid":{"rendered":"http:\/\/www2.comunitaria.com.br\/?p=40407"},"modified":"2020-05-13T15:19:59","modified_gmt":"2020-05-13T17:19:59","slug":"associacao-cultural-atena-abre-inscricoes-para-cursos-online","status":"publish","type":"post","link":"https:\/\/www2.comunitaria.com.br\/en\/associacao-cultural-atena-abre-inscricoes-para-cursos-online\/","title":{"rendered":"Associa\u00e7\u00e3o Cultural Atena abre inscri\u00e7\u00f5es para cursos online"},"content":{"rendered":"<p style=\"text-align: justify;\">A pandemia do novo coronav\u00edrus (Covid-19) est\u00e1 exigindo o distanciamento f\u00edsico para a preserva\u00e7\u00e3o da sa\u00fade uns dos outros, e por isso, t\u00eam desencadeado mudan\u00e7as significativas na sociedade. Nas \u00faltimas semanas, foram reinventadas a forma de trabalhar, de conviver, de consumir e, tamb\u00e9m, de aprender. A internet sempre possibilitou a conex\u00e3o virtual, mas no atual contexto, tornou-se a principal forma de media\u00e7\u00e3o entre as pessoas e o conhecimento.<\/p>\n<p style=\"text-align: justify;\">Seguindo esta tend\u00eancia, a Associa\u00e7\u00e3o Cultural Atena (ACA), est\u00e1 se adaptando e ofertando os primeiros m\u00f3dulos dos cursos de forma\u00e7\u00e3o cultural atrav\u00e9s de plataforma online. Com mais de 11 anos de exist\u00eancia, a Associa\u00e7\u00e3o, que n\u00e3o tem fins lucrativos, oferece anualmente cursos voltados ao desenvolvimento integral com estudos aprofundados, permeando as linhas de atua\u00e7\u00e3o: Forma\u00e7\u00e3o Cultural, Integra\u00e7\u00e3o Social e Filosofia Ativa.<\/p>\n<p style=\"text-align: justify;\">Neste m\u00eas de maio, a ACA est\u00e1 formando as turmas para quatro cursos. Primeira aula pode ser feita sem compromisso. Os interessados podem saber mais informa\u00e7\u00f5es e realizar a inscri\u00e7\u00e3o atrav\u00e9s do whatsapp (55) 9 9995-3811, e-mail <a href=\"mailto:atenafw@gmail.com\">atenafw@gmail.com<\/a> ou pelas redes sociais da Associa\u00e7\u00e3o Cultural Atena (ACA): @aca_fw e facebook.com\/atenafw<\/p>\n<p style=\"text-align: justify;\">Link do formul\u00e1rio de inscri\u00e7\u00e3o: <a href=\"https:\/\/forms.gle\/terueha5nMmhHBLu5\">https:\/\/forms.gle\/terueha5nMmhHBLu5<\/a><\/p>\n<p>&nbsp;<\/p>\n<p style=\"text-align: justify;\">Confira os cursos dispon\u00edveis:<\/p>\n<p style=\"text-align: justify;\"><strong>Religi\u00f5es Comparadas<\/strong><\/p>\n<p style=\"text-align: justify;\">Segundas-feiras, das 20h \u00e0s 21h30<\/p>\n<p style=\"text-align: justify;\">No curso ser\u00e3o estudados o Budismo, Tao\u00edsmo, Hindu\u00edsmo, Hermetismo, Juda\u00edsmo,<\/p>\n<p style=\"text-align: justify;\">Cristianismo, Isl\u00e3mismo, Espiritismo e Teosofia.<\/p>\n<p style=\"text-align: justify;\">&nbsp;<\/p>\n<p style=\"text-align: justify;\"><strong>For\u00e7as Vivas<\/strong><\/p>\n<p style=\"text-align: justify;\">Ter\u00e7as-feiras, das 20h \u00e0s 21h30<\/p>\n<p style=\"text-align: justify;\">M\u00f3dulo 1 \u2013 O caminho filos\u00f3fico: as artes, as ci\u00eancias, as pol\u00edticas e as religi\u00f5es<\/p>\n<p style=\"text-align: justify;\">M\u00f3dulo 2 \u2013 O caminho interior: lideran\u00e7a, princ\u00edpios \u00e9ticos, unidade na pluralidade e a<\/p>\n<p style=\"text-align: justify;\">era das luzes<\/p>\n<p style=\"text-align: justify;\">M\u00f3dulo 3 \u2013 O caminho cultural: comunica\u00e7\u00e3o e express\u00e3o, artes c\u00eanicas, intelig\u00eancia<\/p>\n<p style=\"text-align: justify;\">emocional, desenvolvimento criativo e orat\u00f3ria.<\/p>\n<p style=\"text-align: justify;\">&nbsp;<\/p>\n<p style=\"text-align: justify;\"><strong>Mitologia Grega<\/strong><\/p>\n<p style=\"text-align: justify;\">Quartas-feiras, das 20h \u00e0s 21h30<\/p>\n<p style=\"text-align: justify;\">Confira alguns dos conte\u00fados trabalhados no curso: Teogonia, Deuses ol\u00edmpicos,<\/p>\n<p style=\"text-align: justify;\">Nascimento dos homens, A Odiss\u00e9ia, Os 12 trabalhos de H\u00e9rcules, Teseu e Minotauro,<\/p>\n<p style=\"text-align: justify;\">e Jas\u00e3o e os Argonautas.<\/p>\n<p style=\"text-align: justify;\">&nbsp;<\/p>\n<p style=\"text-align: justify;\"><strong>Liceu Cultural (gratuito e para p\u00fablico adolescente)<\/strong><\/p>\n<p style=\"text-align: justify;\">Quartas-feiras, das 14h \u00e0s 15h30<\/p>\n<p style=\"text-align: justify;\">A capacita\u00e7\u00e3o \u00e9 oferecida para adolescentes de 13 a 18 anos e tem como objetivo o desenvolvimento integral dos adolescentes, incluindo o desenvolvimento pessoal, profissional, cultural e cidad\u00e3o.<\/p>\n<p style=\"text-align: justify;\">Conte\u00fados program\u00e1ticos: Cidadania e Lideran\u00e7a; \u00c9tica e Legisla\u00e7\u00e3o; Express\u00e3o e Dic\u00e7\u00e3o; Orat\u00f3ria e Desinibi\u00e7\u00e3o; L\u00f3gica e Racioc\u00ednio; Geometria e Desenho; Ingl\u00eas Cultural; Administra\u00e7\u00e3o Pessoal; Educa\u00e7\u00e3o Financeira; Arte e Cultura; Teoria e Cultura Musical; Inicia\u00e7\u00e3o Instrumental; Harmonia Musical e Medita\u00e7\u00e3o.<\/p>\n<p style=\"text-align: justify;\">&nbsp;<\/p>\n<p><em>*Ascom\/ACA<\/em><\/p>","protected":false},"excerpt":{"rendered":"<p>A pandemia do novo coronav\u00edrus (Covid-19) est\u00e1 exigindo o distanciamento f\u00edsico para a preserva\u00e7\u00e3o da sa\u00fade uns dos outros, e por isso, t\u00eam desencadeado mudan\u00e7as significativas na sociedade. Nas \u00faltimas semanas, foram reinventadas a forma de trabalhar, de conviver, de consumir e, tamb\u00e9m, de aprender. A internet sempre possibilitou a conex\u00e3o virtual, mas no atual<\/p>\n<div class=\"read-more-wrapper\"><a class=\"read-more\" href=\"https:\/\/www2.comunitaria.com.br\/en\/associacao-cultural-atena-abre-inscricoes-para-cursos-online\/\" title=\"Read More\"> <span class=\"button\">Read More<\/span><\/a><\/div>","protected":false},"author":2,"featured_media":40409,"comment_status":"open","ping_status":"closed","sticky":false,"template":"","format":"standard","meta":{"ngg_post_thumbnail":0,"footnotes":""},"categories":[3593,42,33],"tags":[],"class_list":["post-40407","post","type-post","status-publish","format-standard","has-post-thumbnail","hentry","category-cultura","category-fred-west","category-noticias"],"amp_enabled":true,"_links":{"self":[{"href":"https:\/\/www2.comunitaria.com.br\/en\/wp-json\/wp\/v2\/posts\/40407","targetHints":{"allow":["GET"]}}],"collection":[{"href":"https:\/\/www2.comunitaria.com.br\/en\/wp-json\/wp\/v2\/posts"}],"about":[{"href":"https:\/\/www2.comunitaria.com.br\/en\/wp-json\/wp\/v2\/types\/post"}],"author":[{"embeddable":true,"href":"https:\/\/www2.comunitaria.com.br\/en\/wp-json\/wp\/v2\/users\/2"}],"replies":[{"embeddable":true,"href":"https:\/\/www2.comunitaria.com.br\/en\/wp-json\/wp\/v2\/comments?post=40407"}],"version-history":[{"count":0,"href":"https:\/\/www2.comunitaria.com.br\/en\/wp-json\/wp\/v2\/posts\/40407\/revisions"}],"wp:featuredmedia":[{"embeddable":true,"href":"https:\/\/www2.comunitaria.com.br\/en\/wp-json\/wp\/v2\/media\/40409"}],"wp:attachment":[{"href":"https:\/\/www2.comunitaria.com.br\/en\/wp-json\/wp\/v2\/media?parent=40407"}],"wp:term":[{"taxonomy":"category","embeddable":true,"href":"https:\/\/www2.comunitaria.com.br\/en\/wp-json\/wp\/v2\/categories?post=40407"},{"taxonomy":"post_tag","embeddable":true,"href":"https:\/\/www2.comunitaria.com.br\/en\/wp-json\/wp\/v2\/tags?post=40407"}],"curies":[{"name":"wp","href":"https:\/\/api.w.org\/{rel}","templated":true}]}}