{"id":4036,"date":"2015-06-17T15:59:58","date_gmt":"2015-06-17T17:59:58","guid":{"rendered":"http:\/\/www2.comunitaria.com.br\/?p=4036"},"modified":"2015-06-17T15:59:58","modified_gmt":"2015-06-17T17:59:58","slug":"camara-aprova-voto-impresso-e-reduz-exigencia-para-projetos-populares","status":"publish","type":"post","link":"https:\/\/www2.comunitaria.com.br\/en\/camara-aprova-voto-impresso-e-reduz-exigencia-para-projetos-populares\/","title":{"rendered":"C\u00e2mara aprova voto impresso e reduz exig\u00eancia para projetos populares"},"content":{"rendered":"<p>Projetos de iniciativa popular, para poderem tramitar no Congresso Nacional, v\u00e3o precisar de 500 mil assinaturas de eleitores em, no m\u00ednimo, cinco estados. O texto foi aprovado na C\u00e2mara dos Deputados, em primeiro turno, nessa ter\u00e7a-feira.<\/p>\n<p>Atualmente s\u00e3o necess\u00e1rias cerca de 1 milh\u00e3o e 500 mil assinaturas. Mas a proposta para valer ainda precisa ser aprovada em segundo turno na C\u00e2mara e em mais dois turnos no Senado. O l\u00edder do PMDB na C\u00e2mara, Leonardo Picciani, concorda com a medida.<\/p>\n<p>Na mesma emenda, foi institu\u00eddo o voto impresso. Ap\u00f3s votar na urna eletr\u00f4nica, o eleitor vai conferir o voto em um papel que ser\u00e1 impresso e depositado em uma urna lacrada. O Supremo Tribunal Federal j\u00e1 havia considerado inconstitucional o voto impresso. Segundo a corte, isso traria mais gastos e coloca em risco o sigilo do voto.<\/p>\n<p>E foi por apenas 15 votos que n\u00e3o foi aprovada a emenda que institu\u00eda cota para mulheres em todos os parlamentos e assembleias do pa\u00eds. Foram 293 deputados a favor, 101 contra e 53 absten\u00e7\u00f5es. A deputado do PC do B da Bahia, Alice Portugal, lamentou a decis\u00e3o.<\/p>\n<p>Os deputados ainda aprovaram o direito de policiais e bombeiros militares se candidatarem sem precisar perder os cargos. E nesta quarta-feira os deputados voltam a discutir temas da Reforma Pol\u00edtica. Entre os assuntos pendentes est\u00e1 a candidatura simult\u00e2nea, que permite a elei\u00e7\u00e3o para um cargo majorit\u00e1rio e um proporcional no mesmo pleito, como governador e deputado estadual.<\/p>\n<p>Caso ven\u00e7a nas duas, o candidato escolhe em qual cargo pretende ficar. H\u00e1 ainda a proposta de uma janela para que os pol\u00edticos, ap\u00f3s aprovada a reforma pol\u00edtica, possam mudar de partido em um intervalo de 30 dias. E tamb\u00e9m o registro de proposta eleitorais, medida que obriga os pol\u00edticos a cumprirem as promessas anunciadas na candidatura sob pena de ficarem ineleg\u00edveis.<\/p>\n<!--[if lt IE 9]><script>document.createElement('audio');<\/script><![endif]-->\n<audio class=\"wp-audio-shortcode\" id=\"audio-4036-1\" preload=\"none\" style=\"width: 100%;\" controls=\"controls\"><source type=\"audio\/mpeg\" src=\"http:\/\/www2.comunitaria.com.br\/wp-content\/uploads\/2015\/06\/REFORMA-POLITICA.mp3?_=1\" \/><a href=\"http:\/\/www2.comunitaria.com.br\/wp-content\/uploads\/2015\/06\/REFORMA-POLITICA.mp3\">http:\/\/www2.comunitaria.com.br\/wp-content\/uploads\/2015\/06\/REFORMA-POLITICA.mp3<\/a><\/audio>","protected":false},"excerpt":{"rendered":"<p>Projetos de iniciativa popular, para poderem tramitar no Congresso Nacional, v\u00e3o precisar de 500 mil assinaturas de eleitores em, no m\u00ednimo, cinco estados. O texto foi aprovado na C\u00e2mara dos Deputados, em primeiro turno, nessa ter\u00e7a-feira. Atualmente s\u00e3o necess\u00e1rias cerca de 1 milh\u00e3o e 500 mil assinaturas. Mas a proposta para valer ainda precisa ser<\/p>\n<div class=\"read-more-wrapper\"><a class=\"read-more\" href=\"https:\/\/www2.comunitaria.com.br\/en\/camara-aprova-voto-impresso-e-reduz-exigencia-para-projetos-populares\/\" title=\"Read More\"> <span class=\"button\">Read More<\/span><\/a><\/div>","protected":false},"author":2,"featured_media":3793,"comment_status":"open","ping_status":"closed","sticky":false,"template":"","format":"standard","meta":{"ngg_post_thumbnail":0,"footnotes":""},"categories":[51,47,33,38],"tags":[948],"class_list":["post-4036","post","type-post","status-publish","format-standard","has-post-thumbnail","hentry","category-audio","category-brasil","category-noticias","category-politica","tag-reforma-politica"],"amp_enabled":true,"_links":{"self":[{"href":"https:\/\/www2.comunitaria.com.br\/en\/wp-json\/wp\/v2\/posts\/4036","targetHints":{"allow":["GET"]}}],"collection":[{"href":"https:\/\/www2.comunitaria.com.br\/en\/wp-json\/wp\/v2\/posts"}],"about":[{"href":"https:\/\/www2.comunitaria.com.br\/en\/wp-json\/wp\/v2\/types\/post"}],"author":[{"embeddable":true,"href":"https:\/\/www2.comunitaria.com.br\/en\/wp-json\/wp\/v2\/users\/2"}],"replies":[{"embeddable":true,"href":"https:\/\/www2.comunitaria.com.br\/en\/wp-json\/wp\/v2\/comments?post=4036"}],"version-history":[{"count":0,"href":"https:\/\/www2.comunitaria.com.br\/en\/wp-json\/wp\/v2\/posts\/4036\/revisions"}],"wp:featuredmedia":[{"embeddable":true,"href":"https:\/\/www2.comunitaria.com.br\/en\/wp-json\/wp\/v2\/media\/3793"}],"wp:attachment":[{"href":"https:\/\/www2.comunitaria.com.br\/en\/wp-json\/wp\/v2\/media?parent=4036"}],"wp:term":[{"taxonomy":"category","embeddable":true,"href":"https:\/\/www2.comunitaria.com.br\/en\/wp-json\/wp\/v2\/categories?post=4036"},{"taxonomy":"post_tag","embeddable":true,"href":"https:\/\/www2.comunitaria.com.br\/en\/wp-json\/wp\/v2\/tags?post=4036"}],"curies":[{"name":"wp","href":"https:\/\/api.w.org\/{rel}","templated":true}]}}